{"id":11809,"date":"2017-05-19T09:55:57","date_gmt":"2017-05-19T12:55:57","guid":{"rendered":"http:\/\/actualidadadiario.com\/site\/?p=11809"},"modified":"2017-05-19T09:55:57","modified_gmt":"2017-05-19T12:55:57","slug":"se-pondra-en-marcha-en-la-provincia-un-comando-para-recapturar-criminales-profugos","status":"publish","type":"post","link":"https:\/\/www.actualidadadiario.com\/index.php\/2017\/05\/19\/se-pondra-en-marcha-en-la-provincia-un-comando-para-recapturar-criminales-profugos\/","title":{"rendered":"Se pondr\u00e1 en marcha en la provincia un comando para recapturar criminales pr\u00f3fugos"},"content":{"rendered":"<p><em><strong>Un comando unificado destinado a recapturar criminales pr\u00f3fugos se pondr\u00e1 en marcha en la provincia en forma conjunta con el Ministerio de Seguridad de la Naci\u00f3n. As\u00ed lo anticip\u00f3 el ministro de Gobierno, Mauro Urribarri, luego de reunirse en Buenos Aires con el secretario de Seguridad, Eugenio Burzaco. Urribarri avanz\u00f3 tambi\u00e9n en la implementaci\u00f3n de un programa de an\u00e1lisis del delito y acord\u00f3 que la provincia ser\u00e1 sede de un encuentro federal de investigaci\u00f3n criminal<\/strong><\/em><\/p>\n<p>&nbsp;<\/p>\n<p>&nbsp;<\/p>\n<p>&nbsp;<\/p>\n<p>\u201cNos complace haber alcanzado un alto nivel de trabajo en equipo con el gobierno nacional en un tema trascendente como la seguridad. Culminamos una jornada de gestiones fruct\u00edferas en Buenos Aires que nos permitir\u00e1 implementar en la provincia acciones vinculadas a la capacitaci\u00f3n y poner en marcha un plan para recapturar criminales pr\u00f3fugos que est\u00e1 dando excelentes resultados a nivel nacional y ahora podremos aplicar en nuestro territorio\u201d, expuso Urribarri al t\u00e9rmino de una serie de reuniones.<\/p>\n<p>&nbsp;<\/p>\n<p>Con el secretario de Seguridad de la Naci\u00f3n, Eugenio Burzaco, Urribarri acord\u00f3 la pronta implementaci\u00f3n en Entre R\u00edos del Comando Unificado Federal de Recaptura de Evadidos (Cufre). \u201cSe trata de una divisi\u00f3n especial, compuesta por fuerzas federales, destinada a buscar pr\u00f3fugos de la Justicia\u201d, explic\u00f3 Burzaco tras recibir a Urribarri junto al subsecretario de Seguridad de Pol\u00edticas de Seguridad e Intervenci\u00f3n Territorial, Dar\u00edo Oroquieta.<\/p>\n<p>&nbsp;<\/p>\n<p>El programa fue lanzado en junio por la ministra de Seguridad, Patricia Bullrich. Desde entonces, seg\u00fan precis\u00f3 Burzaco, se recapturaron unos 3.400 criminales pr\u00f3fugos, entre ellos homicidas, violadores y secuestradores. \u201cSon personas que evadieron la ley y que en libertad son muy peligrosas. Logramos recapturar a muchos y ahora estamos trabajando junto con las provincias para coordinar la labor con los gobiernos y empezar a encontrar tambi\u00e9n pr\u00f3fugos de las justicias provinciales\u201d, se\u00f1al\u00f3 Burzaco.<\/p>\n<p>&nbsp;<\/p>\n<p>En el encuentro con Urribarri se avanz\u00f3 en acordar qui\u00e9nes ser\u00e1n los responsables de las tareas de esta unidad y en distintos aspectos de su implementaci\u00f3n. \u201cYa venimos trabajando bien con la provincia en operativos conjuntos en narcotr\u00e1fico y control de rutas y queremos agregar esta tarea\u201d, indic\u00f3 el secretario de Seguridad.<\/p>\n<p>&nbsp;<\/p>\n<p>&nbsp;<\/p>\n<p><strong>Un encuentro federal <\/strong><\/p>\n<p>Urribarri se reuni\u00f3 tambi\u00e9n con el subsecretario de Capacitaci\u00f3n, Formaci\u00f3n y Programas de Seguridad, Mat\u00edas Lobos, quien lo recibi\u00f3 junto a las directoras de Programas de Seguridad, Guadalupe Aguirre, y de Capacitaci\u00f3n y Formaci\u00f3n, Alejandra Adorno.<\/p>\n<p>&nbsp;<\/p>\n<p>\u201cTuvimos el honor de que el ministro nos visite y avanzamos en tres cuestiones fundamentales\u201d, inform\u00f3 Lobos. En primer t\u00e9rmino, se defini\u00f3 que la provincia ser\u00e1 sede en agosto de un encuentro nacional de nivelaci\u00f3n pedag\u00f3gica en t\u00e9cnicas de investigaci\u00f3n criminal. \u201cCuando visitamos Entre R\u00edos pudimos apreciar el desarrollo que existe en materia de investigaci\u00f3n criminal y nos pareci\u00f3 interesante que la provincia pueda mostrar a los otros distritos c\u00f3mo se est\u00e1 trabajando en buenas pr\u00e1cticas de investigaci\u00f3n criminal y ser sede del encuentro de este ambicioso plan federal de nivelaci\u00f3n pedag\u00f3gica y did\u00e1ctica de todos los profesores e instructores del pa\u00eds\u201d, coment\u00f3 Lobos.<\/p>\n<p>&nbsp;<\/p>\n<p>Otro aspecto en el que se avanz\u00f3 fue en el desarrollo de un programa provincial de fortalecimiento del an\u00e1lisis del delito. \u201cLa provincia va a contar con asistencia t\u00e9cnica de nuestra subsecretar\u00eda para poder desarrollar este programa, que es la herramienta fundamental a partir de la cual se ordenan todos los recursos y pol\u00edticas de seguridad\u201d, precis\u00f3 el funcionario.<\/p>\n<p>&nbsp;<\/p>\n<p>Por \u00faltimo, Lobos indic\u00f3 que dialog\u00f3 con el ministro acerca de distintas acciones para fortalecer la capacitaci\u00f3n y la formaci\u00f3n policial. \u201cEntre R\u00edos trabaja muy bien con sus sistema de formaci\u00f3n policial y pretendemos complementar ese excelente trabajo con nuestro equipo de formadores y capacitadores y los recursos de la subsecretar\u00eda\u201d, finaliz\u00f3 el funcionario.<\/p>\n","protected":false},"excerpt":{"rendered":"<p>Un comando unificado destinado a recapturar criminales pr\u00f3fugos se pondr\u00e1 en marcha en la provincia en forma conjunta con el Ministerio de Seguridad de la Naci\u00f3n. As\u00ed lo anticip\u00f3 el ministro de Gobierno, Mauro Urribarri, luego de reunirse en Buenos Aires con el secretario de Seguridad, Eugenio Burzaco. Urribarri avanz\u00f3 tambi\u00e9n en la implementaci\u00f3n de un programa de an\u00e1lisis del delito y acord\u00f3 que la provincia ser\u00e1 sede de un encuentro federal de investigaci\u00f3n criminal &nbsp; &nbsp; &nbsp; \u201cNos complace haber alcanzado un alto nivel de trabajo en equipo con&#8230;<\/p>\n","protected":false},"author":3,"featured_media":11810,"comment_status":"closed","ping_status":"closed","sticky":false,"template":"","format":"standard","meta":[],"categories":[15],"tags":[],"_links":{"self":[{"href":"https:\/\/www.actualidadadiario.com\/index.php\/wp-json\/wp\/v2\/posts\/11809"}],"collection":[{"href":"https:\/\/www.actualidadadiario.com\/index.php\/wp-json\/wp\/v2\/posts"}],"about":[{"href":"https:\/\/www.actualidadadiario.com\/index.php\/wp-json\/wp\/v2\/types\/post"}],"author":[{"embeddable":true,"href":"https:\/\/www.actualidadadiario.com\/index.php\/wp-json\/wp\/v2\/users\/3"}],"replies":[{"embeddable":true,"href":"https:\/\/www.actualidadadiario.com\/index.php\/wp-json\/wp\/v2\/comments?post=11809"}],"version-history":[{"count":1,"href":"https:\/\/www.actualidadadiario.com\/index.php\/wp-json\/wp\/v2\/posts\/11809\/revisions"}],"predecessor-version":[{"id":11811,"href":"https:\/\/www.actualidadadiario.com\/index.php\/wp-json\/wp\/v2\/posts\/11809\/revisions\/11811"}],"wp:featuredmedia":[{"embeddable":true,"href":"https:\/\/www.actualidadadiario.com\/index.php\/wp-json\/wp\/v2\/media\/11810"}],"wp:attachment":[{"href":"https:\/\/www.actualidadadiario.com\/index.php\/wp-json\/wp\/v2\/media?parent=11809"}],"wp:term":[{"taxonomy":"category","embeddable":true,"href":"https:\/\/www.actualidadadiario.com\/index.php\/wp-json\/wp\/v2\/categories?post=11809"},{"taxonomy":"post_tag","embeddable":true,"href":"https:\/\/www.actualidadadiario.com\/index.php\/wp-json\/wp\/v2\/tags?post=11809"}],"curies":[{"name":"wp","href":"https:\/\/api.w.org\/{rel}","templated":true}]}}