{"id":11806,"date":"2017-05-19T09:55:05","date_gmt":"2017-05-19T12:55:05","guid":{"rendered":"http:\/\/actualidadadiario.com\/site\/?p=11806"},"modified":"2017-05-19T09:55:05","modified_gmt":"2017-05-19T12:55:05","slug":"bordet-espera-que-la-nueva-propuesta-sea-bien-valorada-por-los-gremios-docentes","status":"publish","type":"post","link":"https:\/\/www.actualidadadiario.com\/index.php\/2017\/05\/19\/bordet-espera-que-la-nueva-propuesta-sea-bien-valorada-por-los-gremios-docentes\/","title":{"rendered":"Bordet espera que la nueva propuesta \u201csea bien valorada\u201d por los gremios docentes"},"content":{"rendered":"<p><em><strong>\u201cEsperemos que sea bien valorada por las organizaciones gremiales, porque entendemos que es una justa recomposici\u00f3n y es un gran esfuerzo que hace el gobierno para poder llegar a un acuerdo donde nuestros ni\u00f1os tengan clases\u201d, dijo el gobernador Gustavo Bordet este jueves al ser consultado sobre la \u00faltima oferta realizada por el gobierno a los gremios docentes. \u201cQuiero trabajar con mucha responsabilidad porque este es dinero de todos los entrerrianos\u201d, agreg\u00f3<\/strong><\/em><\/p>\n<p>&nbsp;<\/p>\n<p>&nbsp;<\/p>\n<p>&nbsp;<\/p>\n<p>&nbsp;<\/p>\n<p>\u201cTal cual lo comprometimos, hemos dado el m\u00e1ximo que podemos sostener desde la provincia. Es una propuesta salarial que est\u00e1 muy por encima de otras provincias. Estamos tres puntos y medio arriba de lo que ofrece Buenos Aires, en el mismo porcentaje de C\u00f3rdoba, por encima de Misiones, R\u00edo Negro, Tucum\u00e1n y otras provincias. Estamos muy por encima de lo que han acordado los municipios entrerrianos, y de lo que acuerda el sector privado que acord\u00f3 21 por ciento para Construcci\u00f3n y 20 por ciento para comercio\u201d, repas\u00f3 Bordet ante los medios de comunicaci\u00f3n.<\/p>\n<p>&nbsp;<\/p>\n<p>Luego de reiterar que \u201ces el m\u00e1ximo que podemos establecer\u201d, el mandatario sostuvo que \u201ceste esfuerzo que hace la provincia merece la pena que sea bien conceptualizado por el congreso de las organizaciones gremiales y podamos llegar a un acuerdo la semana que viene que nos de previsibilidad para todo el a\u00f1o y el curso lectivo que a\u00fan nos resta\u201d.<\/p>\n<p>&nbsp;<\/p>\n<p>\u201cDel mismo modo, nosotros nunca agotamos el di\u00e1logo, pero tambi\u00e9n hay que tener responsabilidad desde los sectores gremiales. Entendemos que debe existir una recomposici\u00f3n del salario pero tambi\u00e9n endentemos que no podemos ofrecer m\u00e1s aumento de lo que la provincia puede hacer frente\u201d, expres\u00f3.<\/p>\n<p>&nbsp;<\/p>\n<p>En ese sentido, Bordet dijo que se trata de encontrar \u201cun punto de equilibrio\u201d, y en ese marco \u201ctambi\u00e9n miramos c\u00f3mo se establecen par\u00e1metros en Naci\u00f3n, incluso de los municipios donde han acordado incrementos salariales del 21 o 22 por ciento\u201d.<\/p>\n<p>&nbsp;<\/p>\n<p>Adem\u00e1s, reiter\u00f3 que \u201cestamos haciendo un esfuerzo muy grande desde la provincia para normalizar y regularizar las cuentas p\u00fablicas\u201d, y destac\u00f3 que el cronograma de pago provincial est\u00e1 \u201cordenado, del 1 al 10\u201d y que \u201chay previsibilidad. Hemos trabajando seriamente para sanear las cuentas de la provincia\u201d.<\/p>\n<p>&nbsp;<\/p>\n<p>Tras la sanci\u00f3n por unanimidad del pliego de Miguel \u00c1ngel Giorgio para integrar el Superior Tribunal de Justicia, Bordet dijo que \u201ces una gran noticia porque nosotros queremos, y lo dije en el mensaje en la Asamblea Legislativa, una reforma del Poder Judicial\u201d, y sostuvo que \u201clas instituciones tienen que actualizarse, y el Poder Judicial debe estar a la altura de los nuevos tiempos que nos toca vivir institucionalmente en la Argentina y en Entre R\u00edos\u201d.<\/p>\n<p>&nbsp;<\/p>\n<p>Para el mandatario, la candidatura de Giorgio para el cargo en el Superior Tribunal de Justicia \u201cestablec\u00eda este criterio de buscar consensos, criterios que propendan a tener ecuanimidad en las decisiones del m\u00e1ximo Tribunal de nuestra provincia, yo creo que es un avance\u201d.<\/p>\n","protected":false},"excerpt":{"rendered":"<p>\u201cEsperemos que sea bien valorada por las organizaciones gremiales, porque entendemos que es una justa recomposici\u00f3n y es un gran esfuerzo que hace el gobierno para poder llegar a un acuerdo donde nuestros ni\u00f1os tengan clases\u201d, dijo el gobernador Gustavo Bordet este jueves al ser consultado sobre la \u00faltima oferta realizada por el gobierno a los gremios docentes. \u201cQuiero trabajar con mucha responsabilidad porque este es dinero de todos los entrerrianos\u201d, agreg\u00f3 &nbsp; &nbsp; &nbsp; &nbsp; \u201cTal cual lo comprometimos, hemos dado el m\u00e1ximo que podemos sostener desde la provincia&#8230;.<\/p>\n","protected":false},"author":3,"featured_media":11807,"comment_status":"closed","ping_status":"closed","sticky":false,"template":"","format":"standard","meta":[],"categories":[9,15],"tags":[],"_links":{"self":[{"href":"https:\/\/www.actualidadadiario.com\/index.php\/wp-json\/wp\/v2\/posts\/11806"}],"collection":[{"href":"https:\/\/www.actualidadadiario.com\/index.php\/wp-json\/wp\/v2\/posts"}],"about":[{"href":"https:\/\/www.actualidadadiario.com\/index.php\/wp-json\/wp\/v2\/types\/post"}],"author":[{"embeddable":true,"href":"https:\/\/www.actualidadadiario.com\/index.php\/wp-json\/wp\/v2\/users\/3"}],"replies":[{"embeddable":true,"href":"https:\/\/www.actualidadadiario.com\/index.php\/wp-json\/wp\/v2\/comments?post=11806"}],"version-history":[{"count":1,"href":"https:\/\/www.actualidadadiario.com\/index.php\/wp-json\/wp\/v2\/posts\/11806\/revisions"}],"predecessor-version":[{"id":11808,"href":"https:\/\/www.actualidadadiario.com\/index.php\/wp-json\/wp\/v2\/posts\/11806\/revisions\/11808"}],"wp:featuredmedia":[{"embeddable":true,"href":"https:\/\/www.actualidadadiario.com\/index.php\/wp-json\/wp\/v2\/media\/11807"}],"wp:attachment":[{"href":"https:\/\/www.actualidadadiario.com\/index.php\/wp-json\/wp\/v2\/media?parent=11806"}],"wp:term":[{"taxonomy":"category","embeddable":true,"href":"https:\/\/www.actualidadadiario.com\/index.php\/wp-json\/wp\/v2\/categories?post=11806"},{"taxonomy":"post_tag","embeddable":true,"href":"https:\/\/www.actualidadadiario.com\/index.php\/wp-json\/wp\/v2\/tags?post=11806"}],"curies":[{"name":"wp","href":"https:\/\/api.w.org\/{rel}","templated":true}]}}