{"id":11804,"date":"2017-05-19T09:54:14","date_gmt":"2017-05-19T12:54:14","guid":{"rendered":"http:\/\/actualidadadiario.com\/site\/?p=11804"},"modified":"2017-05-19T09:54:14","modified_gmt":"2017-05-19T12:54:14","slug":"agmer-convoco-formalmente-a-un-congreso","status":"publish","type":"post","link":"https:\/\/www.actualidadadiario.com\/index.php\/2017\/05\/19\/agmer-convoco-formalmente-a-un-congreso\/","title":{"rendered":"Agmer convoc\u00f3 formalmente a un congreso"},"content":{"rendered":"<p><em><strong>La comisi\u00f3n directiva central convoc\u00f3 a la continuidad del congreso de la Asociaci\u00f3n Gremial del Magisterio de Entre R\u00edos. All\u00ed se analizar\u00e1n los cambios que el Gobierno Provincial introdujo a la propuesta salarial<\/strong><\/em><\/p>\n<p>&nbsp;<\/p>\n<p>&nbsp;<\/p>\n<p>&nbsp;<\/p>\n<p>El sindicato convoc\u00f3 a la continuidad del 178\u00ba Congreso Extraordinario de la entidad para el lunes 22 de mayo a partir de las 9 en el Sal\u00f3n del Jockey Club (1\u00aa Junta y Eva Per\u00f3n) de la ciudad de San Salvador.<\/p>\n<p>&nbsp;<\/p>\n<p>El congreso evaluar\u00e1 los cambios en la oferta salarial que el Gobierno provincial propuso a los gremios docentes y que consiste en adelantar el pago de los tramos de aumento salarial, pero manteniendo el mismo porcentaje del 23,5 por ciento: Puntualmente lo que se propuso es sumar al seis por ciento ya otorgado en marzo pasado, un cuatro por ciento desde mayo y un 13,5 por ciento desde agosto.<\/p>\n<p>&nbsp;<\/p>\n<p>&nbsp;<\/p>\n<p><strong>El temario del congreso del lunes es el siguiente:<\/strong><\/p>\n<p>1) Elecci\u00f3n de la Mesa del Congreso.<\/p>\n<p>&nbsp;<\/p>\n<p>2) Lectura y aprobaci\u00f3n del acta congreso anterior.<\/p>\n<p>&nbsp;<\/p>\n<p>3) Informe de gesti\u00f3n.<\/p>\n<p>&nbsp;<\/p>\n<p>4) An\u00e1lisis de la situaci\u00f3n nacional y provincial.<\/p>\n<p>&nbsp;<\/p>\n<p>5) Estrategias de acciones a seguir.<\/p>\n","protected":false},"excerpt":{"rendered":"<p>La comisi\u00f3n directiva central convoc\u00f3 a la continuidad del congreso de la Asociaci\u00f3n Gremial del Magisterio de Entre R\u00edos. All\u00ed se analizar\u00e1n los cambios que el Gobierno Provincial introdujo a la propuesta salarial &nbsp; &nbsp; &nbsp; El sindicato convoc\u00f3 a la continuidad del 178\u00ba Congreso Extraordinario de la entidad para el lunes 22 de mayo a partir de las 9 en el Sal\u00f3n del Jockey Club (1\u00aa Junta y Eva Per\u00f3n) de la ciudad de San Salvador. &nbsp; El congreso evaluar\u00e1 los cambios en la oferta salarial que el Gobierno&#8230;<\/p>\n","protected":false},"author":3,"featured_media":11577,"comment_status":"closed","ping_status":"closed","sticky":false,"template":"","format":"standard","meta":[],"categories":[15],"tags":[],"_links":{"self":[{"href":"https:\/\/www.actualidadadiario.com\/index.php\/wp-json\/wp\/v2\/posts\/11804"}],"collection":[{"href":"https:\/\/www.actualidadadiario.com\/index.php\/wp-json\/wp\/v2\/posts"}],"about":[{"href":"https:\/\/www.actualidadadiario.com\/index.php\/wp-json\/wp\/v2\/types\/post"}],"author":[{"embeddable":true,"href":"https:\/\/www.actualidadadiario.com\/index.php\/wp-json\/wp\/v2\/users\/3"}],"replies":[{"embeddable":true,"href":"https:\/\/www.actualidadadiario.com\/index.php\/wp-json\/wp\/v2\/comments?post=11804"}],"version-history":[{"count":1,"href":"https:\/\/www.actualidadadiario.com\/index.php\/wp-json\/wp\/v2\/posts\/11804\/revisions"}],"predecessor-version":[{"id":11805,"href":"https:\/\/www.actualidadadiario.com\/index.php\/wp-json\/wp\/v2\/posts\/11804\/revisions\/11805"}],"wp:featuredmedia":[{"embeddable":true,"href":"https:\/\/www.actualidadadiario.com\/index.php\/wp-json\/wp\/v2\/media\/11577"}],"wp:attachment":[{"href":"https:\/\/www.actualidadadiario.com\/index.php\/wp-json\/wp\/v2\/media?parent=11804"}],"wp:term":[{"taxonomy":"category","embeddable":true,"href":"https:\/\/www.actualidadadiario.com\/index.php\/wp-json\/wp\/v2\/categories?post=11804"},{"taxonomy":"post_tag","embeddable":true,"href":"https:\/\/www.actualidadadiario.com\/index.php\/wp-json\/wp\/v2\/tags?post=11804"}],"curies":[{"name":"wp","href":"https:\/\/api.w.org\/{rel}","templated":true}]}}