{"id":11800,"date":"2017-05-18T10:20:33","date_gmt":"2017-05-18T13:20:33","guid":{"rendered":"http:\/\/actualidadadiario.com\/site\/?p=11800"},"modified":"2017-05-18T10:20:33","modified_gmt":"2017-05-18T13:20:33","slug":"crimenes-impunes-hay-convivencia-de-los-tres-poderes-del-estado","status":"publish","type":"post","link":"https:\/\/www.actualidadadiario.com\/index.php\/2017\/05\/18\/crimenes-impunes-hay-convivencia-de-los-tres-poderes-del-estado\/","title":{"rendered":"Cr\u00edmenes impunes: &#8220;Hay convivencia de los tres poderes del Estado&#8221;"},"content":{"rendered":"<p><em><strong>El padre de Micaela Garc\u00eda se comunic\u00f3 con los familiares de Gisela L\u00f3pez, luego de que los tres acusados por el crimen quedaran en libertad. Se comprometi\u00f3 a colaborar y fue cr\u00edtico de la tarea investigativa<\/strong><\/em><\/p>\n<p>&nbsp;<\/p>\n<p>&nbsp;<\/p>\n<p>&nbsp;<\/p>\n<p>&nbsp;<\/p>\n<p>N\u00e9stor Garc\u00eda el pap\u00e1 de Micaela, se comunic\u00f3 con los familiares de Gisela L\u00f3pez para solidarizarse y tratar de colaborar en todo lo que se pueda.<\/p>\n<p>&nbsp;<\/p>\n<p>El hombre tuvo &#8220;la necesidad de llamar a Gabriel&#8221;, el hermano de la muchacha asesinada en Santa Elena, luego de que se conoci\u00f3 el fallo absolutorio de los tres acusados por el femicidio.<\/p>\n<p>&nbsp;<\/p>\n<p>&#8220;La verdad es que me doli\u00f3 much\u00edsimo lo que le pasa a esta familia, que est\u00e1 desamparada y sufriendo el femicidio de Gisela y ahora es como que todo es mucho m\u00e1s complicado por la falta de respuesta de la justicia&#8221;, cont\u00f3 &#8220;Yuyo&#8221; que adem\u00e1s adelant\u00f3 un futuro encuentro.<\/p>\n<p>&nbsp;<\/p>\n<p>&#8220;No s\u00e9 si hice bien en molestarlos pero quer\u00eda decirles que estamos con ellos, solidarizarnos, ofrecernos humildemente para lo que necesiten, ya que como a Gisela, Micaela u otras chicas, hay algunas cuestiones que tienen algo en com\u00fan, la forma del ataque, c\u00f3mo las mataron, d\u00f3nde las dejaron y c\u00f3mo las escondieron, entre otros puntos que lamentablemente son muy parecidos en el accionar de los delincuentes&#8221;, reflexion\u00f3 el decano de la UTN de Concepci\u00f3n del Uruguay.<\/p>\n<p>&nbsp;<\/p>\n<p>Con una mayor fuerza en sus declaraciones, el hombre dijo sobre la falta de detenidos o condenados en el caso Gisela: &#8220;Ac\u00e1 hay un sistema de convivencia de los tres poderes del Estado que no se complementan y terminan por no dar una respuesta acorde a lo que reclama la gente&#8221;.<\/p>\n<p>&nbsp;<\/p>\n<p>&#8220;Hay que cambiar leyes, por supuesto; pero adem\u00e1s, la justicia tiene que estar a tono con estos tiempos, y el Ejecutivo priorizar lo que es verdaderamente importante. Por decir, hay leyes que son muy interesantes para mejorar la seguridad, pero por falta de presupuesto no son reglamentadas&#8221;, resalt\u00f3 el padre de Micaela Garc\u00eda en declaraciones a diario Uno.<\/p>\n<p>Sobre el centro de las causas judiciales, opin\u00f3: &#8220;Lo que voy a decir lo digo porque lo vivo con el femicidio de Micaela. Hay fallas que se deber\u00e1n ajustar y entender que cu\u00e1ndo hay una persona desaparecida, hacer todo un esquema de trabajo que permita saber qu\u00e9 le pas\u00f3 a la joven, y al mismo tiempo aclarar si se est\u00e1 frente a una ida voluntaria, un secuestro o un homicidio&#8221;.<\/p>\n<p>&nbsp;<\/p>\n<p>&#8220;En mi caso, me pareci\u00f3 un error que en los d\u00edas de b\u00fasqueda de Micaela, el fiscal prioriz\u00f3 con sus medidas la b\u00fasqueda del acusado, que estaba bien, pero por algunas horas no le dio instrucciones a la Polic\u00eda que se qued\u00f3 esperando qu\u00e9 hacer o c\u00f3mo seguir&#8221;, relat\u00f3.<\/p>\n<p>&nbsp;<\/p>\n<p>&#8220;Yuyo&#8221; Grac\u00eda analiz\u00f3: &#8220;Creo que cuando hay una situaci\u00f3n grave con alguien se lo debe buscar en todo momento, y el fiscal debe contar con la ayuda de otro, que no lo dejen solo para todo y de esa manera instrumentar simult\u00e1neamente todas las acciones para que nada se les escape&#8221;.<\/p>\n<p>&nbsp;<\/p>\n<p>&#8220;Hoy veo que en parte de la investigaci\u00f3n judicial se prioriza la b\u00fasqueda de pruebas que apunten a los sospechosos para lograr su detenci\u00f3n, pero vimos como en el caso de Gisela, que esos elementos de prueba no alcanzan, es decir que no se investig\u00f3 correctamente&#8221;, sentenci\u00f3.<\/p>\n<p>&nbsp;<\/p>\n<p>Otro punto que marc\u00f3 Garc\u00eda de falencias para las v\u00edctimas, fue la falta de soporte t\u00e9cnico de los abogados.<\/p>\n<p>&nbsp;<\/p>\n<p>&#8220;Nosotros tenemos los medios econ\u00f3micos para constituir una querella, pero a trav\u00e9s de la Fundaci\u00f3n Micaela estamos reclamando que desde el Estado se fije como pol\u00edtica la existencia permanente de querellantes que sean gratuitos para personas de escasos recursos&#8221;, exigi\u00f3 para graficar: &#8220;Hoy el sistema penal dispone para un acusado un abogado oficial de la Justicia de modo gratuito, que est\u00e1 bien, pero las v\u00edctima o los familiares deber\u00edan tener la posibilidad de acceder gratis a un abogado querellante&#8221;.<\/p>\n<p>&nbsp;<\/p>\n<p>&#8220;Creo que lo que pedimos es de absoluta igualdad de condiciones y de sentido com\u00fan, porque si no pasa lo de Gisela. La familia no pudo contar con un querellante que pudiera darles una mano&#8221;, remarc\u00f3 para aclarar que en el caso Micaela cuentan con el asesoramiento de un profesional &#8220;que est\u00e1 controlando muy bien la causa colaborando en un todo con la fiscal\u00eda&#8221;.<\/p>\n<p>&nbsp;<\/p>\n<p>&#8220;El tema es cuando el fiscal no muestra mucha voluntad de que los hechos se esclarezcan, all\u00ed, el abogado querellante tiene una importancia mucho mayor&#8221;, marc\u00f3 Garc\u00eda.<\/p>\n<p>&nbsp;<\/p>\n<p>&#8220;El Estado deber\u00eda garantizar que cualquier persona, en este caso los familiares de Gisela, tengan todos los medios para que se haga justicia. De lo contrario, hay una situaci\u00f3n de desigualdad. Hay una justicia para el que tiene dinero y una justicia distinta para el que es m\u00e1s pobre&#8221;, reflexion\u00f3.<\/p>\n","protected":false},"excerpt":{"rendered":"<p>El padre de Micaela Garc\u00eda se comunic\u00f3 con los familiares de Gisela L\u00f3pez, luego de que los tres acusados por el crimen quedaran en libertad. Se comprometi\u00f3 a colaborar y fue cr\u00edtico de la tarea investigativa &nbsp; &nbsp; &nbsp; &nbsp; N\u00e9stor Garc\u00eda el pap\u00e1 de Micaela, se comunic\u00f3 con los familiares de Gisela L\u00f3pez para solidarizarse y tratar de colaborar en todo lo que se pueda. &nbsp; El hombre tuvo &#8220;la necesidad de llamar a Gabriel&#8221;, el hermano de la muchacha asesinada en Santa Elena, luego de que se conoci\u00f3&#8230;<\/p>\n","protected":false},"author":3,"featured_media":11715,"comment_status":"closed","ping_status":"closed","sticky":false,"template":"","format":"standard","meta":[],"categories":[4],"tags":[],"_links":{"self":[{"href":"https:\/\/www.actualidadadiario.com\/index.php\/wp-json\/wp\/v2\/posts\/11800"}],"collection":[{"href":"https:\/\/www.actualidadadiario.com\/index.php\/wp-json\/wp\/v2\/posts"}],"about":[{"href":"https:\/\/www.actualidadadiario.com\/index.php\/wp-json\/wp\/v2\/types\/post"}],"author":[{"embeddable":true,"href":"https:\/\/www.actualidadadiario.com\/index.php\/wp-json\/wp\/v2\/users\/3"}],"replies":[{"embeddable":true,"href":"https:\/\/www.actualidadadiario.com\/index.php\/wp-json\/wp\/v2\/comments?post=11800"}],"version-history":[{"count":1,"href":"https:\/\/www.actualidadadiario.com\/index.php\/wp-json\/wp\/v2\/posts\/11800\/revisions"}],"predecessor-version":[{"id":11801,"href":"https:\/\/www.actualidadadiario.com\/index.php\/wp-json\/wp\/v2\/posts\/11800\/revisions\/11801"}],"wp:featuredmedia":[{"embeddable":true,"href":"https:\/\/www.actualidadadiario.com\/index.php\/wp-json\/wp\/v2\/media\/11715"}],"wp:attachment":[{"href":"https:\/\/www.actualidadadiario.com\/index.php\/wp-json\/wp\/v2\/media?parent=11800"}],"wp:term":[{"taxonomy":"category","embeddable":true,"href":"https:\/\/www.actualidadadiario.com\/index.php\/wp-json\/wp\/v2\/categories?post=11800"},{"taxonomy":"post_tag","embeddable":true,"href":"https:\/\/www.actualidadadiario.com\/index.php\/wp-json\/wp\/v2\/tags?post=11800"}],"curies":[{"name":"wp","href":"https:\/\/api.w.org\/{rel}","templated":true}]}}