{"id":116733,"date":"2024-07-01T09:55:17","date_gmt":"2024-07-01T12:55:17","guid":{"rendered":"https:\/\/www.actualidadadiario.com\/?p=116733"},"modified":"2024-07-01T09:55:17","modified_gmt":"2024-07-01T12:55:17","slug":"el-gobierno-promulgo-la-reforma-jubilatoria","status":"publish","type":"post","link":"https:\/\/www.actualidadadiario.com\/index.php\/2024\/07\/01\/el-gobierno-promulgo-la-reforma-jubilatoria\/","title":{"rendered":"El Gobierno promulg\u00f3 la reforma jubilatoria"},"content":{"rendered":"<p style=\"text-align: center;\"><em><strong>El Gobierno public\u00f3 en el Bolet\u00edn Oficial el texto del decreto N\u00ba 1576 a trav\u00e9s del cual instrument\u00f3 lo que hab\u00eda anunciado el 31 de mayo pasado: la reforma en el sistema jubilatorio provincial, que implica un aumento del aporte previsional personal de los trabajadores del Estado, que pasa del 16% al 19%, y la fijaci\u00f3n de una al\u00edcuota extra del 3% para los agentes incluidos en reg\u00edmenes especiales, como los docentes, y que se jubilan antes. Agmer volvi\u00f3 a rechazar y repudiar la reforma del aporte previsional<\/strong><\/em><\/p>\n<p>&nbsp;<\/p>\n<p>&nbsp;<\/p>\n<p>&nbsp;<\/p>\n<p>Los cambios se aplican a partir de este lunes 1\u00ba de julio por lo cual a principios de agosto pr\u00f3ximo, cuando se abone julio, los trabajadores del Estado notar\u00e1n el impacto del aumento del aporte en sus recibos de sueldos.<\/p>\n<p>La reforma toma como base un informe producido por la Caja de Jubilaciones y Pensiones de Entre R\u00edos que califica al sistema previsional como \u00abun r\u00e9gimen solidario, altamente deficitario, con una ecuaci\u00f3n activo\/pasivo en deterioro alarmante, dotado de un sistema de incrementos en la movilidad en direcci\u00f3n opuesta al d\u00e9ficit que genera cada escalaf\u00f3n, sumado a una situaci\u00f3n de desfinanciamiento creciente\u00bb.<\/p>\n<p>All\u00ed, se destaca que \u00abla situaci\u00f3n financiera actual de dicho ente y su proyecci\u00f3n futura, sugiriendo distintas acciones a los efectos de sanear el sistema previsional entrerriano\u00bb. Al respecto, se\u00f1ala que \u00abexiste un crecimiento interanual promedio del sistema previsional del 1%, finalizando el a\u00f1o 2023 con un d\u00e9ficit primario, constituido por la diferencia entre la erogaci\u00f3n en pasividades y lo recaudado por aportes y contribuciones, del orden promedio del 41%.<\/p>\n<p>En marzo pasado, el d\u00e9ficit de la Caja super\u00f3 los $18.000 millones, y en abril estuvo por encima de los $20.000 millones.<\/p>\n<p>Ese d\u00e9ficit, concluye la Caja, se origina, entre otros elementos \u00abproducto de la falta de aplicaci\u00f3n del Art\u00edculo 14\u00b0 de la Ley 8.732, referente a los aportes que los distintos organismos deben realizar para eliminar o reducir proporcionalmente el d\u00e9ficit producido\u00bb; tambi\u00e9n, \u00abpor falta de cumplimiento del Art\u00edculo 12\u00b0, inciso \u201cd\u201d de dicha Ley, que refiere a los aportes de los reg\u00edmenes especiales\u00bb.<\/p>\n","protected":false},"excerpt":{"rendered":"<p>El Gobierno public\u00f3 en el Bolet\u00edn Oficial el texto del decreto N\u00ba 1576 a trav\u00e9s del cual instrument\u00f3 lo que hab\u00eda anunciado el 31 de mayo pasado: la reforma en el sistema jubilatorio provincial, que implica un aumento del aporte previsional personal de los trabajadores del Estado, que pasa del 16% al 19%, y la fijaci\u00f3n de una al\u00edcuota extra del 3% para los agentes incluidos en reg\u00edmenes especiales, como los docentes, y que se jubilan antes. Agmer volvi\u00f3 a rechazar y repudiar la reforma del aporte previsional &nbsp; &nbsp;&#8230;<\/p>\n","protected":false},"author":3,"featured_media":60679,"comment_status":"closed","ping_status":"closed","sticky":false,"template":"","format":"standard","meta":[],"categories":[15],"tags":[],"_links":{"self":[{"href":"https:\/\/www.actualidadadiario.com\/index.php\/wp-json\/wp\/v2\/posts\/116733"}],"collection":[{"href":"https:\/\/www.actualidadadiario.com\/index.php\/wp-json\/wp\/v2\/posts"}],"about":[{"href":"https:\/\/www.actualidadadiario.com\/index.php\/wp-json\/wp\/v2\/types\/post"}],"author":[{"embeddable":true,"href":"https:\/\/www.actualidadadiario.com\/index.php\/wp-json\/wp\/v2\/users\/3"}],"replies":[{"embeddable":true,"href":"https:\/\/www.actualidadadiario.com\/index.php\/wp-json\/wp\/v2\/comments?post=116733"}],"version-history":[{"count":1,"href":"https:\/\/www.actualidadadiario.com\/index.php\/wp-json\/wp\/v2\/posts\/116733\/revisions"}],"predecessor-version":[{"id":116734,"href":"https:\/\/www.actualidadadiario.com\/index.php\/wp-json\/wp\/v2\/posts\/116733\/revisions\/116734"}],"wp:featuredmedia":[{"embeddable":true,"href":"https:\/\/www.actualidadadiario.com\/index.php\/wp-json\/wp\/v2\/media\/60679"}],"wp:attachment":[{"href":"https:\/\/www.actualidadadiario.com\/index.php\/wp-json\/wp\/v2\/media?parent=116733"}],"wp:term":[{"taxonomy":"category","embeddable":true,"href":"https:\/\/www.actualidadadiario.com\/index.php\/wp-json\/wp\/v2\/categories?post=116733"},{"taxonomy":"post_tag","embeddable":true,"href":"https:\/\/www.actualidadadiario.com\/index.php\/wp-json\/wp\/v2\/tags?post=116733"}],"curies":[{"name":"wp","href":"https:\/\/api.w.org\/{rel}","templated":true}]}}