{"id":116723,"date":"2024-07-01T09:51:39","date_gmt":"2024-07-01T12:51:39","guid":{"rendered":"https:\/\/www.actualidadadiario.com\/?p=116723"},"modified":"2024-07-01T09:51:39","modified_gmt":"2024-07-01T12:51:39","slug":"la-crisis-se-profundiza-en-parana-comercios-proponen-reducir-la-jornada-laboral-de-sus-trabajadores","status":"publish","type":"post","link":"https:\/\/www.actualidadadiario.com\/index.php\/2024\/07\/01\/la-crisis-se-profundiza-en-parana-comercios-proponen-reducir-la-jornada-laboral-de-sus-trabajadores\/","title":{"rendered":"La crisis se profundiza en Paran\u00e1: Comercios proponen reducir la jornada laboral de sus trabajadores"},"content":{"rendered":"<p style=\"text-align: center;\"><em><strong>As\u00ed lo confirm\u00f3 el representante del Sindicato de Empleados de Comercio (SIC), Mario Marcilla. Adem\u00e1s el gremialista se\u00f1al\u00f3 que bajaron las ventas: \u201cLa gente no se compra tanta ropa como antes, busca arreglarse con lo que ya tiene porque primero trata de pagar la comida y algunos impuestos\u201d<\/strong><\/em><\/p>\n<p>&nbsp;<\/p>\n<p>&nbsp;<\/p>\n<p>El representante del SIC dialog\u00f3 con esta Agencia sobre la situaci\u00f3n actual del sector en la capital entrerriana, m\u00e1s all\u00e1 del incremento que se realiz\u00f3 en la \u00faltima paritaria nacional que consisti\u00f3 en una suba del 13,5%.<\/p>\n<p>&nbsp;<\/p>\n<p><strong>Despidos y reducciones<\/strong><\/p>\n<p>\u201cSe dieron algunos despidos por reducci\u00f3n de personal m\u00e1s all\u00e1 de los diez que fueron echados de los supermercados Hiper y Chango M\u00e1s\u201d, expres\u00f3 Marcilla aunque asegur\u00f3 que la tendencia no son los despidos sino el ofrecimiento de los empleadores a sus trabajadores de reducir su carga horaria.<\/p>\n<p>\u201cA los empleados que actualmente trabajan 48 horas semanales les est\u00e1n ofreciendo que trabajen media jornada e inscribirlos bajo esa modalidad\u201d, inform\u00f3 el representante de los trabajadores de comercio.<\/p>\n<p>&nbsp;<\/p>\n<p><strong>Baja del consumo<\/strong><\/p>\n<p>Marcillia indic\u00f3 que dado este contexto actual, la baja del consumo es algo \u201cl\u00f3gico\u201d y que en el \u00faltimo tiempo se calcula que en promedio es de entre un ocho y un 10%.<\/p>\n<p>Finalmente el sindicalista se\u00f1al\u00f3: \u201cHa mermado mucho la venta, la gente no se compra tanta ropa como antes, busca arreglarse con lo que ya tiene porque primero trata de pagar la comida y algunos impuestos\u201d.<\/p>\n","protected":false},"excerpt":{"rendered":"<p>As\u00ed lo confirm\u00f3 el representante del Sindicato de Empleados de Comercio (SIC), Mario Marcilla. Adem\u00e1s el gremialista se\u00f1al\u00f3 que bajaron las ventas: \u201cLa gente no se compra tanta ropa como antes, busca arreglarse con lo que ya tiene porque primero trata de pagar la comida y algunos impuestos\u201d &nbsp; &nbsp; El representante del SIC dialog\u00f3 con esta Agencia sobre la situaci\u00f3n actual del sector en la capital entrerriana, m\u00e1s all\u00e1 del incremento que se realiz\u00f3 en la \u00faltima paritaria nacional que consisti\u00f3 en una suba del 13,5%. &nbsp; Despidos y&#8230;<\/p>\n","protected":false},"author":3,"featured_media":116724,"comment_status":"closed","ping_status":"closed","sticky":false,"template":"","format":"standard","meta":[],"categories":[15],"tags":[],"_links":{"self":[{"href":"https:\/\/www.actualidadadiario.com\/index.php\/wp-json\/wp\/v2\/posts\/116723"}],"collection":[{"href":"https:\/\/www.actualidadadiario.com\/index.php\/wp-json\/wp\/v2\/posts"}],"about":[{"href":"https:\/\/www.actualidadadiario.com\/index.php\/wp-json\/wp\/v2\/types\/post"}],"author":[{"embeddable":true,"href":"https:\/\/www.actualidadadiario.com\/index.php\/wp-json\/wp\/v2\/users\/3"}],"replies":[{"embeddable":true,"href":"https:\/\/www.actualidadadiario.com\/index.php\/wp-json\/wp\/v2\/comments?post=116723"}],"version-history":[{"count":1,"href":"https:\/\/www.actualidadadiario.com\/index.php\/wp-json\/wp\/v2\/posts\/116723\/revisions"}],"predecessor-version":[{"id":116725,"href":"https:\/\/www.actualidadadiario.com\/index.php\/wp-json\/wp\/v2\/posts\/116723\/revisions\/116725"}],"wp:featuredmedia":[{"embeddable":true,"href":"https:\/\/www.actualidadadiario.com\/index.php\/wp-json\/wp\/v2\/media\/116724"}],"wp:attachment":[{"href":"https:\/\/www.actualidadadiario.com\/index.php\/wp-json\/wp\/v2\/media?parent=116723"}],"wp:term":[{"taxonomy":"category","embeddable":true,"href":"https:\/\/www.actualidadadiario.com\/index.php\/wp-json\/wp\/v2\/categories?post=116723"},{"taxonomy":"post_tag","embeddable":true,"href":"https:\/\/www.actualidadadiario.com\/index.php\/wp-json\/wp\/v2\/tags?post=116723"}],"curies":[{"name":"wp","href":"https:\/\/api.w.org\/{rel}","templated":true}]}}