{"id":116718,"date":"2024-06-28T13:33:14","date_gmt":"2024-06-28T16:33:14","guid":{"rendered":"https:\/\/www.actualidadadiario.com\/?p=116718"},"modified":"2024-06-28T13:33:14","modified_gmt":"2024-06-28T16:33:14","slug":"caso-loan-los-celulares-secuestrados-seran-peritados-en-buenos-aires","status":"publish","type":"post","link":"https:\/\/www.actualidadadiario.com\/index.php\/2024\/06\/28\/caso-loan-los-celulares-secuestrados-seran-peritados-en-buenos-aires\/","title":{"rendered":"Caso Loan: los celulares secuestrados ser\u00e1n peritados en Buenos Aires"},"content":{"rendered":"<p style=\"text-align: center;\"><em><strong>La apertura de los mismos se realizar\u00e1 mediante aplicaci\u00f3n UFED. El \u00fanico que no se envi\u00f3 fue el del ex comisario Maciel, que ya fue peritado<\/strong><\/em><\/p>\n<p>&nbsp;<\/p>\n<p>&nbsp;<\/p>\n<p>Los celulares secuestrados en la causa que investiga la desaparici\u00f3n de Loan ser\u00e1n enviados a la Divisi\u00f3n Pericias Telef\u00f3nicas con sede en Buenos Aires \u201ca efectos de realizar la apertura de los mismos mediante aplicaci\u00f3n UFED\u201d.<\/p>\n<p>Fuentes judiciales confirmaron que este viernes se autoriz\u00f3 el traslado de todos los celulares que fueron secuestrados en la causa a Buenos Aires con la idea de abrirlos con la tecnolog\u00eda adecuada para as\u00ed obtener informaci\u00f3n relevante.<\/p>\n<p>\u201cSe autoriza el traslado de los aparatos telef\u00f3nicos secuestrados en autos que se encuentran en manos de la Divisi\u00f3n Pericias Telef\u00f3nicas, hacia la sede de Capital Federal, a efectos de realizar la apertura de los mismos mediante aplicaci\u00f3n UFED. Asimismo, autorizar a que los resultados se obtengan por duplicado, a fin de que esta segunda copia sea enviada al Centro de Investigaciones del Ciberdelito de Alta Tecnolog\u00eda, dependiente del Ministerio de Seguridad de la Naci\u00f3n, para vincular y relacionar toda la informaci\u00f3n que se obtenga\u201d, detallaron.<\/p>\n<p>A su vez, destacaron que se deber\u00e1 respetar la cadena de custodia y los protocolos sobre la evidencia forense digital: &#8220;En efecto, esta Fiscal\u00eda considera oportuno, en raz\u00f3n de lo informado y en concordancia con la fuerza, hacer lugar a las medidas solicitadas ya que aparece como conducente a fin de lograr el esclarecimiento del hecho objeto de investigaci\u00f3n en estos obrados.<\/p>\n<p>El \u00fanico de los celulares que no ser\u00e1 enviado a Buenos Aires es el del ex comisario Walter Maciel ya que fue peritado en Corrientes.<\/p>\n","protected":false},"excerpt":{"rendered":"<p>La apertura de los mismos se realizar\u00e1 mediante aplicaci\u00f3n UFED. El \u00fanico que no se envi\u00f3 fue el del ex comisario Maciel, que ya fue peritado &nbsp; &nbsp; Los celulares secuestrados en la causa que investiga la desaparici\u00f3n de Loan ser\u00e1n enviados a la Divisi\u00f3n Pericias Telef\u00f3nicas con sede en Buenos Aires \u201ca efectos de realizar la apertura de los mismos mediante aplicaci\u00f3n UFED\u201d. Fuentes judiciales confirmaron que este viernes se autoriz\u00f3 el traslado de todos los celulares que fueron secuestrados en la causa a Buenos Aires con la idea&#8230;<\/p>\n","protected":false},"author":3,"featured_media":116641,"comment_status":"closed","ping_status":"closed","sticky":false,"template":"","format":"standard","meta":[],"categories":[4],"tags":[],"_links":{"self":[{"href":"https:\/\/www.actualidadadiario.com\/index.php\/wp-json\/wp\/v2\/posts\/116718"}],"collection":[{"href":"https:\/\/www.actualidadadiario.com\/index.php\/wp-json\/wp\/v2\/posts"}],"about":[{"href":"https:\/\/www.actualidadadiario.com\/index.php\/wp-json\/wp\/v2\/types\/post"}],"author":[{"embeddable":true,"href":"https:\/\/www.actualidadadiario.com\/index.php\/wp-json\/wp\/v2\/users\/3"}],"replies":[{"embeddable":true,"href":"https:\/\/www.actualidadadiario.com\/index.php\/wp-json\/wp\/v2\/comments?post=116718"}],"version-history":[{"count":1,"href":"https:\/\/www.actualidadadiario.com\/index.php\/wp-json\/wp\/v2\/posts\/116718\/revisions"}],"predecessor-version":[{"id":116719,"href":"https:\/\/www.actualidadadiario.com\/index.php\/wp-json\/wp\/v2\/posts\/116718\/revisions\/116719"}],"wp:featuredmedia":[{"embeddable":true,"href":"https:\/\/www.actualidadadiario.com\/index.php\/wp-json\/wp\/v2\/media\/116641"}],"wp:attachment":[{"href":"https:\/\/www.actualidadadiario.com\/index.php\/wp-json\/wp\/v2\/media?parent=116718"}],"wp:term":[{"taxonomy":"category","embeddable":true,"href":"https:\/\/www.actualidadadiario.com\/index.php\/wp-json\/wp\/v2\/categories?post=116718"},{"taxonomy":"post_tag","embeddable":true,"href":"https:\/\/www.actualidadadiario.com\/index.php\/wp-json\/wp\/v2\/tags?post=116718"}],"curies":[{"name":"wp","href":"https:\/\/api.w.org\/{rel}","templated":true}]}}