{"id":116714,"date":"2024-06-28T13:32:06","date_gmt":"2024-06-28T16:32:06","guid":{"rendered":"https:\/\/www.actualidadadiario.com\/?p=116714"},"modified":"2024-06-28T13:32:06","modified_gmt":"2024-06-28T16:32:06","slug":"se-celebra-el-dia-internacional-del-orgullo-conmemorando-a-las-personas-lgbtiq","status":"publish","type":"post","link":"https:\/\/www.actualidadadiario.com\/index.php\/2024\/06\/28\/se-celebra-el-dia-internacional-del-orgullo-conmemorando-a-las-personas-lgbtiq\/","title":{"rendered":"Se celebra el D\u00eda Internacional del Orgullo conmemorando a las personas LGBTIQ+"},"content":{"rendered":"<p style=\"text-align: center;\"><em><strong>El orgullo es la respuesta contra la invisibilizaci\u00f3n, la condena social y el eterno estigma por ser distintos, mientras que tambi\u00e9n es una manera de manifestar afirmativamente la identidad sexual y las expresiones de g\u00e9nero con placer y mucho orgullo<\/strong><\/em><\/p>\n<p>&nbsp;<\/p>\n<p>&nbsp;<\/p>\n<p>La comunidad LGBTIQ+ de todo el mundo celebra el D\u00eda del Orgullo a trav\u00e9s de desfiles, marchas y todo tipo de actividades para poder visibilizar la orientaci\u00f3n sexual sin ser condenados ni agraviados, viviendo plenamente los derechos conquistados.<\/p>\n<p>Todos los 28 de junio se celebran d\u00e9cadas de lucha durante las cuales los movimientos de la diversidad lograron conquistar derechos y libertades.<\/p>\n<p>Este a\u00f1o, se hicieron presentes diversos hechos homof\u00f3bicos que presentaron la falta de respeto que a\u00fan falta en la sociedad, la importancia de estas marchas y su visibilizaci\u00f3n para que estos episodios no se hagan recurrentes.<\/p>\n<p>Uno de los casos m\u00e1s importantes que se origin\u00f3 este a\u00f1o fue el lesbicidio en Barracas en donde cuatro mujeres fueron atacadas por su condici\u00f3n sexual y termin\u00f3 con la muerte de tres de ellas. La sobreviviente todav\u00eda se recupera de las graves lesiones en su cuerpo producto del incendio.<\/p>\n<p>Estos acontecimientos marcan como sociedad, reivindican el odio y la normalizaci\u00f3n de la violencia, por esa raz\u00f3n, en este d\u00eda se conmemora la toma conciencia para que aquellas personas no tengan miedo de salir a las calles.<\/p>\n<p>Por otro lado, en Argentina, se cuenta con leyes pioneras como la Ley 26.743 de Identidad de G\u00e9nero sancionada en 2012, y la Ley 26.618 de Matrimonio Igualitario, sancionada en 2010.<\/p>\n<p>&nbsp;<\/p>\n<p><strong>\u00bfD\u00f3nde se origin\u00f3 el D\u00eda del Orgullo?<\/strong><\/p>\n<p>El D\u00eda del Orgullo tiene su origen en los disturbios que se registraron en 1969 en un bar neoyorquino donde se reun\u00edan personas con identidades diversas, principalmente gays, en una \u00e9poca donde la homosexualidad estaba prohibida y castigada socialmente.<\/p>\n<p>El 28 de junio de aquel a\u00f1o, la comunidad homosexual se alz\u00f3 contra una redada de la polic\u00eda de Nueva York en el bar Stonewall Inn, en Manhattan, cuando las fuerzas de seguridad los intentaron sacarlos de all\u00ed.<\/p>\n<p>Un a\u00f1o despu\u00e9s, tuvo lugar el primer Desfile del Orgullo durante el cual se llev\u00f3 a cabo la Marcha de la Liberaci\u00f3n, en la que activistas de todo el pa\u00eds recorrieron un total de 51 manzanas hasta el Central Park.<\/p>\n<p>Aquellos hechos son los que dieron lugar a lo que se conoce hoy como D\u00eda Internacional del Orgullo y el motivo por el que se celebra un 28 de junio.<\/p>\n<p>&nbsp;<\/p>\n<p><strong>Los colores de la bandera<\/strong><\/p>\n<p>La famosa bandera del arco\u00edris fue creada en San Francisco por el artista y activista Gilbert Baker a finales de los 70.<\/p>\n<p>Aquel s\u00edmbolo del arco iris que demuestra una amplia gama de colores representa la diversidad y como se puede convivir con ella. Adem\u00e1s, representa la libertad de expresi\u00f3n y un s\u00edmbolo de identidad propia.<\/p>\n","protected":false},"excerpt":{"rendered":"<p>El orgullo es la respuesta contra la invisibilizaci\u00f3n, la condena social y el eterno estigma por ser distintos, mientras que tambi\u00e9n es una manera de manifestar afirmativamente la identidad sexual y las expresiones de g\u00e9nero con placer y mucho orgullo &nbsp; &nbsp; La comunidad LGBTIQ+ de todo el mundo celebra el D\u00eda del Orgullo a trav\u00e9s de desfiles, marchas y todo tipo de actividades para poder visibilizar la orientaci\u00f3n sexual sin ser condenados ni agraviados, viviendo plenamente los derechos conquistados. Todos los 28 de junio se celebran d\u00e9cadas de lucha&#8230;<\/p>\n","protected":false},"author":3,"featured_media":116647,"comment_status":"closed","ping_status":"closed","sticky":false,"template":"","format":"standard","meta":[],"categories":[4],"tags":[],"_links":{"self":[{"href":"https:\/\/www.actualidadadiario.com\/index.php\/wp-json\/wp\/v2\/posts\/116714"}],"collection":[{"href":"https:\/\/www.actualidadadiario.com\/index.php\/wp-json\/wp\/v2\/posts"}],"about":[{"href":"https:\/\/www.actualidadadiario.com\/index.php\/wp-json\/wp\/v2\/types\/post"}],"author":[{"embeddable":true,"href":"https:\/\/www.actualidadadiario.com\/index.php\/wp-json\/wp\/v2\/users\/3"}],"replies":[{"embeddable":true,"href":"https:\/\/www.actualidadadiario.com\/index.php\/wp-json\/wp\/v2\/comments?post=116714"}],"version-history":[{"count":1,"href":"https:\/\/www.actualidadadiario.com\/index.php\/wp-json\/wp\/v2\/posts\/116714\/revisions"}],"predecessor-version":[{"id":116715,"href":"https:\/\/www.actualidadadiario.com\/index.php\/wp-json\/wp\/v2\/posts\/116714\/revisions\/116715"}],"wp:featuredmedia":[{"embeddable":true,"href":"https:\/\/www.actualidadadiario.com\/index.php\/wp-json\/wp\/v2\/media\/116647"}],"wp:attachment":[{"href":"https:\/\/www.actualidadadiario.com\/index.php\/wp-json\/wp\/v2\/media?parent=116714"}],"wp:term":[{"taxonomy":"category","embeddable":true,"href":"https:\/\/www.actualidadadiario.com\/index.php\/wp-json\/wp\/v2\/categories?post=116714"},{"taxonomy":"post_tag","embeddable":true,"href":"https:\/\/www.actualidadadiario.com\/index.php\/wp-json\/wp\/v2\/tags?post=116714"}],"curies":[{"name":"wp","href":"https:\/\/api.w.org\/{rel}","templated":true}]}}