{"id":116708,"date":"2024-06-28T13:30:18","date_gmt":"2024-06-28T16:30:18","guid":{"rendered":"https:\/\/www.actualidadadiario.com\/?p=116708"},"modified":"2024-06-28T13:30:18","modified_gmt":"2024-06-28T16:30:18","slug":"bukele-despide-a-300-trabajadores-del-ministerio-de-cultura-por-promover-la-agenda-de-genero","status":"publish","type":"post","link":"https:\/\/www.actualidadadiario.com\/index.php\/2024\/06\/28\/bukele-despide-a-300-trabajadores-del-ministerio-de-cultura-por-promover-la-agenda-de-genero\/","title":{"rendered":"Bukele despide a 300 trabajadores del Ministerio de Cultura por promover la agenda de g\u00e9nero"},"content":{"rendered":"<p style=\"text-align: center;\"><em><strong>\u201cPromueven agendas que no son compatibles con la visi\u00f3n de este gobierno\u201d, fue la explicaci\u00f3n del presidente. El anuncio ocurre diez d\u00edas despu\u00e9s de que el Ministerio de Cultura cancelara una obra de teatro drag en el Teatro Nacional<\/strong><\/em><\/p>\n<p>&nbsp;<\/p>\n<p>&nbsp;<\/p>\n<p>El presidente de El Salvador, Nayib Bukele, anunci\u00f3 este jueves el despido de m\u00e1s de 300 personas, empleadas por el Ministerio de Cultura, por promover \u201cagendas incompatibles\u201d con la visi\u00f3n de su Gobierno, relacionadas -seg\u00fan funcionarias afines y activistas cr\u00edticos- con el enfoque de g\u00e9nero.<\/p>\n<p>\u00abPromueven agendas que no son compatibles con la visi\u00f3n de este gobierno. Adem\u00e1s, ahorraremos fondos p\u00fablicos en el proceso\u00bb, escribi\u00f3 el presidente en la red social X (antes Twitter). Bukele no mencion\u00f3 a qu\u00e9 \u00abagendas\u00bb o \u00abvisi\u00f3n\u00bb se refer\u00eda, pero la semana anterior nombr\u00f3 como ministro de Cultura al exdocente Ra\u00fal Castillo para que \u201cvele por los valores de la familia salvadore\u00f1a\u201d.<\/p>\n<p>\u00abComo lo promet\u00ed cuando usted me nombr\u00f3 en este cargo, mi compromiso es la protecci\u00f3n y promoci\u00f3n de nuestros valores, nuestra cultura y las artes. Por ello, es impostergable la reestructuraci\u00f3n en el Ministerio de Cultura\u00bb, dijo Castillo en la misma red social.<\/p>\n<p>\u00abSe top\u00f3 con un gran muro la agenda antivalores. Los funcionarios del Gobierno del presidente Nayib Bukele tenemos bien claro el mandato de proteger la vida, la fe y la familia\u00bb, public\u00f3 en X la embajadora de El Salvador en Estados Unidos, Milena Mayorga.<\/p>\n<p>La diputada oficialista Alexia Rivas asegur\u00f3, por su parte, que \u00abEl Salvador es provida, pro-familia tradicional, y la agenda 2030 no tiene cabida\u00bb, en referencia a la lista de Objetivos de Desarrollo Sostenible (ODS) de la Organizaci\u00f3n de Naciones Unidas (ONU), que incluye disposiciones de igualdad de g\u00e9nero y contra la discriminaci\u00f3n.<\/p>\n<p>&nbsp;<\/p>\n<p><strong>Inmoral en el Teatro Nacional y la \u00abmedicina amarga\u00bb<\/strong><\/p>\n<p>El anuncio de Bukele ocurre diez d\u00edas despu\u00e9s de que el Ministerio de Cultura informara que cancel\u00f3 la presentaci\u00f3n de la obra drag Inmoral en el Teatro Nacional, del Proyecto LGTBI+ Inari, porque -en su primer y \u00fanico d\u00eda de puesta en escena- mostr\u00f3 \u201ccontenido no apto para las familias salvadore\u00f1as\u201d.<\/p>\n<p>Marvin Pleitez, cuyo nombre art\u00edstico es LadyDrag, hab\u00eda denunciado en X el despido de una treintena de personas empleadas de Cultura que fueron responsabilizadas porque la obra hab\u00eda sido inicialmente autorizada en el Teatro Nacional.<\/p>\n<p>El 1 de junio, al asumir otros cinco a\u00f1os de Gobierno, Bukele pidi\u00f3 a la poblaci\u00f3n salvadore\u00f1a tomar sin quejarse la \u00abmedicina amarga\u00bb que dijo recetar\u00e1 en el segundo mandato para mejorar, entre otras cosas, la econom\u00eda. \u00abLa gente eligi\u00f3 un camino y ese camino vamos a tomar. Medicina amarga\u00bb, agreg\u00f3 el presidente salvadore\u00f1o en su mensaje de este jueves.<\/p>\n<p>El despido masivo \u00abes una pol\u00edtica equivocada\u00bb, porque deja sin empleo a muchas personas y no se tolera \u00abla libertad de expresi\u00f3n\u00bb en aspectos de la cultura, advirti\u00f3 el coordinador de la ONG Comisi\u00f3n de Derechos Humanos de El Salvador (CDHES), Miguel Montenegro.<\/p>\n<p>Aranza Santos, del Colectivo Alejandr\u00eda LGBTIQ+, asegur\u00f3 que esta medida es un \u00abataque m\u00e1s\u00bb contra los derechos de su comunidad. \u00abLo est\u00e1 haciendo para darle gusto a los ultraconservadores que lo est\u00e1n presionando\u00bb, declar\u00f3 Santos a la agencia AFP. \u00abEsto era de esperar, es una continuidad de los ataques que ya recibimos y debemos de prepararnos para m\u00e1s\u00bb, agreg\u00f3.<\/p>\n<p>En febrero de 2024, el Ministerio de Educaci\u00f3n anunci\u00f3 que hab\u00eda retirado \u00abtodo rastro\u00bb de la perspectiva de g\u00e9nero de los programas escolares, decisi\u00f3n que fue criticada por organismos de derechos humanos, pero aplaudida por grupos conservadores.<\/p>\n","protected":false},"excerpt":{"rendered":"<p>\u201cPromueven agendas que no son compatibles con la visi\u00f3n de este gobierno\u201d, fue la explicaci\u00f3n del presidente. El anuncio ocurre diez d\u00edas despu\u00e9s de que el Ministerio de Cultura cancelara una obra de teatro drag en el Teatro Nacional &nbsp; &nbsp; El presidente de El Salvador, Nayib Bukele, anunci\u00f3 este jueves el despido de m\u00e1s de 300 personas, empleadas por el Ministerio de Cultura, por promover \u201cagendas incompatibles\u201d con la visi\u00f3n de su Gobierno, relacionadas -seg\u00fan funcionarias afines y activistas cr\u00edticos- con el enfoque de g\u00e9nero. \u00abPromueven agendas que no&#8230;<\/p>\n","protected":false},"author":3,"featured_media":116709,"comment_status":"closed","ping_status":"closed","sticky":false,"template":"","format":"standard","meta":[],"categories":[4],"tags":[],"_links":{"self":[{"href":"https:\/\/www.actualidadadiario.com\/index.php\/wp-json\/wp\/v2\/posts\/116708"}],"collection":[{"href":"https:\/\/www.actualidadadiario.com\/index.php\/wp-json\/wp\/v2\/posts"}],"about":[{"href":"https:\/\/www.actualidadadiario.com\/index.php\/wp-json\/wp\/v2\/types\/post"}],"author":[{"embeddable":true,"href":"https:\/\/www.actualidadadiario.com\/index.php\/wp-json\/wp\/v2\/users\/3"}],"replies":[{"embeddable":true,"href":"https:\/\/www.actualidadadiario.com\/index.php\/wp-json\/wp\/v2\/comments?post=116708"}],"version-history":[{"count":1,"href":"https:\/\/www.actualidadadiario.com\/index.php\/wp-json\/wp\/v2\/posts\/116708\/revisions"}],"predecessor-version":[{"id":116710,"href":"https:\/\/www.actualidadadiario.com\/index.php\/wp-json\/wp\/v2\/posts\/116708\/revisions\/116710"}],"wp:featuredmedia":[{"embeddable":true,"href":"https:\/\/www.actualidadadiario.com\/index.php\/wp-json\/wp\/v2\/media\/116709"}],"wp:attachment":[{"href":"https:\/\/www.actualidadadiario.com\/index.php\/wp-json\/wp\/v2\/media?parent=116708"}],"wp:term":[{"taxonomy":"category","embeddable":true,"href":"https:\/\/www.actualidadadiario.com\/index.php\/wp-json\/wp\/v2\/categories?post=116708"},{"taxonomy":"post_tag","embeddable":true,"href":"https:\/\/www.actualidadadiario.com\/index.php\/wp-json\/wp\/v2\/tags?post=116708"}],"curies":[{"name":"wp","href":"https:\/\/api.w.org\/{rel}","templated":true}]}}