{"id":116706,"date":"2024-06-28T13:29:10","date_gmt":"2024-06-28T16:29:10","guid":{"rendered":"https:\/\/www.actualidadadiario.com\/?p=116706"},"modified":"2024-06-28T13:29:10","modified_gmt":"2024-06-28T16:29:10","slug":"el-canal-de-panama-supera-la-sequia-y-apunta-a-normalizar-su-actividad","status":"publish","type":"post","link":"https:\/\/www.actualidadadiario.com\/index.php\/2024\/06\/28\/el-canal-de-panama-supera-la-sequia-y-apunta-a-normalizar-su-actividad\/","title":{"rendered":"El Canal de Panam\u00e1 supera la sequ\u00eda y apunta a normalizar su actividad"},"content":{"rendered":"<p style=\"text-align: center;\"><em><strong>La limitaci\u00f3n del n\u00famero y calado de los barcos fue uno de los factores que repercuti\u00f3 en el alza de los costos de fletes a nivel mundial<\/strong><\/em><\/p>\n<p>&nbsp;<\/p>\n<p>&nbsp;<\/p>\n<p>La Autoridad del Canal de Panam\u00e1 (APC) anunci\u00f3 que en agosto aumentar\u00e1 a 35 el n\u00famero de reservas para los buques que transiten por esa v\u00eda interoce\u00e1nica, dejando atr\u00e1s las restricciones al tr\u00e1fico mar\u00edtimo debido a la prolongada sequ\u00eda.<\/p>\n<p>La APC aument\u00f3 las franjas horarias de reserva a ra\u00edz del aumento de las precipitaciones en el lago Gat\u00fan, lo que increment\u00f3 a 10 los buques Neopanamax que cruzan las esclusas m\u00e1s grandes del canal y a 25 los Panamax que cruzan las esclusas m\u00e1s peque\u00f1as.<\/p>\n<p>El Canal de Panam\u00e1 hab\u00eda reducido el tr\u00e1fico debido a una sequ\u00eda hist\u00f3rica en el lago Gat\u00fan el a\u00f1o pasado. Los niveles del lago Gat\u00fan, que suministra el agua utilizada para el funcionamiento de las esclusas del canal, fueron los m\u00e1s bajos desde al menos 1965.<\/p>\n<p>&nbsp;<\/p>\n<p><strong>Restricciones<\/strong><\/p>\n<p>La APC limit\u00f3 el tr\u00e1fico de buques a 24 cruces diarios el 7 de noviembre de 2023, frente a los 34 \u00f3 36 cruces diarios habituales. El menor n\u00famero de plazas de reserva el a\u00f1o pasado afect\u00f3 a las rutas comerciales mundiales.<\/p>\n<p>Algunos buques tuvieron que tomar rutas m\u00e1s largas hacia el este a trav\u00e9s del Canal de Suez o alrededor del Cabo de Buena Esperanza debido a los retrasos r\u00e9cord en el Canal de Panam\u00e1. Esta situaci\u00f3n, sumada a las interrupciones de las rutas mar\u00edtimas del Mar Rojo, provocaron un aumento de las tarifas de transporte mar\u00edtimo mundial, al haber menos buques disponibles para transportar productos.<\/p>\n<p>La APC espera m\u00e1s precipitaciones durante la estaci\u00f3n lluviosa que dura de mayo a diciembre debido al fen\u00f3meno de La Ni\u00f1a prevista para este verano, lo que podr\u00eda dar lugar a operaciones normales este verano u oto\u00f1o.<\/p>\n","protected":false},"excerpt":{"rendered":"<p>La limitaci\u00f3n del n\u00famero y calado de los barcos fue uno de los factores que repercuti\u00f3 en el alza de los costos de fletes a nivel mundial &nbsp; &nbsp; La Autoridad del Canal de Panam\u00e1 (APC) anunci\u00f3 que en agosto aumentar\u00e1 a 35 el n\u00famero de reservas para los buques que transiten por esa v\u00eda interoce\u00e1nica, dejando atr\u00e1s las restricciones al tr\u00e1fico mar\u00edtimo debido a la prolongada sequ\u00eda. La APC aument\u00f3 las franjas horarias de reserva a ra\u00edz del aumento de las precipitaciones en el lago Gat\u00fan, lo que increment\u00f3&#8230;<\/p>\n","protected":false},"author":3,"featured_media":111693,"comment_status":"closed","ping_status":"closed","sticky":false,"template":"","format":"standard","meta":[],"categories":[4],"tags":[],"_links":{"self":[{"href":"https:\/\/www.actualidadadiario.com\/index.php\/wp-json\/wp\/v2\/posts\/116706"}],"collection":[{"href":"https:\/\/www.actualidadadiario.com\/index.php\/wp-json\/wp\/v2\/posts"}],"about":[{"href":"https:\/\/www.actualidadadiario.com\/index.php\/wp-json\/wp\/v2\/types\/post"}],"author":[{"embeddable":true,"href":"https:\/\/www.actualidadadiario.com\/index.php\/wp-json\/wp\/v2\/users\/3"}],"replies":[{"embeddable":true,"href":"https:\/\/www.actualidadadiario.com\/index.php\/wp-json\/wp\/v2\/comments?post=116706"}],"version-history":[{"count":1,"href":"https:\/\/www.actualidadadiario.com\/index.php\/wp-json\/wp\/v2\/posts\/116706\/revisions"}],"predecessor-version":[{"id":116707,"href":"https:\/\/www.actualidadadiario.com\/index.php\/wp-json\/wp\/v2\/posts\/116706\/revisions\/116707"}],"wp:featuredmedia":[{"embeddable":true,"href":"https:\/\/www.actualidadadiario.com\/index.php\/wp-json\/wp\/v2\/media\/111693"}],"wp:attachment":[{"href":"https:\/\/www.actualidadadiario.com\/index.php\/wp-json\/wp\/v2\/media?parent=116706"}],"wp:term":[{"taxonomy":"category","embeddable":true,"href":"https:\/\/www.actualidadadiario.com\/index.php\/wp-json\/wp\/v2\/categories?post=116706"},{"taxonomy":"post_tag","embeddable":true,"href":"https:\/\/www.actualidadadiario.com\/index.php\/wp-json\/wp\/v2\/tags?post=116706"}],"curies":[{"name":"wp","href":"https:\/\/api.w.org\/{rel}","templated":true}]}}