{"id":116703,"date":"2024-06-28T12:36:41","date_gmt":"2024-06-28T15:36:41","guid":{"rendered":"https:\/\/www.actualidadadiario.com\/?p=116703"},"modified":"2024-06-28T13:09:35","modified_gmt":"2024-06-28T16:09:35","slug":"milei-califico-como-un-error-haber-insultado-al-papa-y-reitero-sus-criticas-a-lula-da-silva","status":"publish","type":"post","link":"https:\/\/www.actualidadadiario.com\/index.php\/2024\/06\/28\/milei-califico-como-un-error-haber-insultado-al-papa-y-reitero-sus-criticas-a-lula-da-silva\/","title":{"rendered":"Milei calific\u00f3 como un error haber insultado al Papa y reiter\u00f3 sus cr\u00edticas a Lula da Silva"},"content":{"rendered":"<p style=\"text-align: center;\"><em><strong>El Presidente asegur\u00f3 que carg\u00f3 contra el Sumo Pont\u00edfice porque crey\u00f3 que era peronista e insisti\u00f3 en calificar a su par de Brasil de &#8220;corrupto&#8221; y &#8220;comunista&#8221;<\/strong><\/em><\/p>\n<p>&nbsp;<\/p>\n<p>&nbsp;<\/p>\n<p>El presidente Javier Milei admiti\u00f3 el error de haber insultado al papa Francisco al que hab\u00eda calificado de \u201crepresentante del maligno en la tierra\u201d y reiter\u00f3 sus cr\u00edticas a su par de Brasil Luiz Inaci\u00f3 Lula da Silva.<\/p>\n<p>&#8220;Me equivoqu\u00e9 porque le estaba diciendo algo por pensar distinto o por tener una lectura de las sagradas escrituras que no tengo yo\u201d, aclar\u00f3 el mandatario.<\/p>\n<p>Seg\u00fan revel\u00f3 en declaraciones televisivas, el Sumo Pont\u00edfice \u201ctiene una visi\u00f3n de las cosas que es directamente opuesta\u201d a la que tiene, pero reconoci\u00f3 que eso \u201cno ameritaba que utilizara los calificativos\u201d que us\u00f3.<\/p>\n<p>En la misma l\u00ednea, continu\u00f3: \u201cNo tiene por qu\u00e9 comprar mi argumento de Samuel 8 o de San Lucas\u201d.<\/p>\n<p>Asimismo, adjudic\u00f3 los cuestionamientos de Jorge Bergoglio con \u201cla perspectiva de un jesuita\u201d en la que est\u00e1 formado, y agreg\u00f3: \u201cCa\u00ed en la trampa de creer que era una cuesti\u00f3n de la \u00edndole de porque es peronista. Por eso contest\u00e9 como contest\u00e9, pero cuando me fui desasnando sobre el tema de las Sagradas Escrituras lo entend\u00ed\u201d.<\/p>\n<p>\u201cSobre algunas cosas tenemos la misma visi\u00f3n y sobre otras no\u201d, remarc\u00f3.<\/p>\n<p>&nbsp;<\/p>\n<p><strong>En la previa a la Cumbre del Mercosur, Milei volvi\u00f3 a insultar a Lula da Silva<\/strong><\/p>\n<p>A d\u00edas de su viaje a Paraguay, donde dar\u00e1 presente en la Cumbre del Mercosur que tendr\u00e1 lugar el 8 de julio, el mandatario volvi\u00f3 a cr\u00edticas a su par de Brasil, Luis Inaci\u00f3 Lula da Silva.<\/p>\n<p>\u201cLa verdad que es una discusi\u00f3n tan chiquita. Parece una discusi\u00f3n de criaturas preadolescentes. El mismo mecanismo de (Gustavo) Petro, de (Pedro) S\u00e1nchez\u201d, clarific\u00f3 luego de que el l\u00edder del Partido de Trabajadores (PT) exigiera que el libertario le pidiera disculpas.<\/p>\n<p>&nbsp;<\/p>\n<p>Adem\u00e1s, continu\u00f3: \u201cTe crees que Lula no hizo cosas parecidas. Petro y Lula hicieron cosas similares, meti\u00e9ndose activamente en nuestra campa\u00f1a\u201d.<\/p>\n<p>\u201cLas cosas que dije encima son ciertas. \u00bfCu\u00e1les son los problemas? \u00bfqu\u00e9 le dije corrupto? \u00bfacaso no fue preso por corrupto? \u00bfQu\u00e9 le dije comunista?\u201d, retruc\u00f3, y sum\u00f3: \u201c\u00bfAcaso no lo es? Desde cuando hay que pedir perd\u00f3n por decir la verdad o estamos tan enfermos de correcci\u00f3n pol\u00edtica que a la izquierda no le podemos decir la verdad\u201d.<\/p>\n<p>Por \u00faltimo, acus\u00f3 a Lula de haber impulsado la \u201ccampa\u00f1a negativa\u201d de Sergio Massa en su contra y pidi\u00f3 \u201cponerse por encima\u201d de las discusiones en beneficio de la relaci\u00f3n entre naciones. \u201cLos que mintieron exigen que se le pida disculpas por haber dicho la verdad, vamos. Hay que ponerse por encima de estas ni\u00f1edades porque es m\u00e1s importante los intereses de los argentinos y los brasileros que el ego inflamado de alg\u00fan zurdito\u201d, concluy\u00f3.<\/p>\n","protected":false},"excerpt":{"rendered":"<p>El Presidente asegur\u00f3 que carg\u00f3 contra el Sumo Pont\u00edfice porque crey\u00f3 que era peronista e insisti\u00f3 en calificar a su par de Brasil de &#8220;corrupto&#8221; y &#8220;comunista&#8221; &nbsp; &nbsp; El presidente Javier Milei admiti\u00f3 el error de haber insultado al papa Francisco al que hab\u00eda calificado de \u201crepresentante del maligno en la tierra\u201d y reiter\u00f3 sus cr\u00edticas a su par de Brasil Luiz Inaci\u00f3 Lula da Silva. &#8220;Me equivoqu\u00e9 porque le estaba diciendo algo por pensar distinto o por tener una lectura de las sagradas escrituras que no tengo yo\u201d,&#8230;<\/p>\n","protected":false},"author":3,"featured_media":116704,"comment_status":"closed","ping_status":"closed","sticky":false,"template":"","format":"standard","meta":[],"categories":[18],"tags":[],"_links":{"self":[{"href":"https:\/\/www.actualidadadiario.com\/index.php\/wp-json\/wp\/v2\/posts\/116703"}],"collection":[{"href":"https:\/\/www.actualidadadiario.com\/index.php\/wp-json\/wp\/v2\/posts"}],"about":[{"href":"https:\/\/www.actualidadadiario.com\/index.php\/wp-json\/wp\/v2\/types\/post"}],"author":[{"embeddable":true,"href":"https:\/\/www.actualidadadiario.com\/index.php\/wp-json\/wp\/v2\/users\/3"}],"replies":[{"embeddable":true,"href":"https:\/\/www.actualidadadiario.com\/index.php\/wp-json\/wp\/v2\/comments?post=116703"}],"version-history":[{"count":1,"href":"https:\/\/www.actualidadadiario.com\/index.php\/wp-json\/wp\/v2\/posts\/116703\/revisions"}],"predecessor-version":[{"id":116705,"href":"https:\/\/www.actualidadadiario.com\/index.php\/wp-json\/wp\/v2\/posts\/116703\/revisions\/116705"}],"wp:featuredmedia":[{"embeddable":true,"href":"https:\/\/www.actualidadadiario.com\/index.php\/wp-json\/wp\/v2\/media\/116704"}],"wp:attachment":[{"href":"https:\/\/www.actualidadadiario.com\/index.php\/wp-json\/wp\/v2\/media?parent=116703"}],"wp:term":[{"taxonomy":"category","embeddable":true,"href":"https:\/\/www.actualidadadiario.com\/index.php\/wp-json\/wp\/v2\/categories?post=116703"},{"taxonomy":"post_tag","embeddable":true,"href":"https:\/\/www.actualidadadiario.com\/index.php\/wp-json\/wp\/v2\/tags?post=116703"}],"curies":[{"name":"wp","href":"https:\/\/api.w.org\/{rel}","templated":true}]}}