{"id":116697,"date":"2024-06-28T12:38:19","date_gmt":"2024-06-28T15:38:19","guid":{"rendered":"https:\/\/www.actualidadadiario.com\/?p=116697"},"modified":"2024-06-28T12:38:19","modified_gmt":"2024-06-28T15:38:19","slug":"el-gobierno-propone-bajar-la-edad-de-imputabilidad-a-13-anos","status":"publish","type":"post","link":"https:\/\/www.actualidadadiario.com\/index.php\/2024\/06\/28\/el-gobierno-propone-bajar-la-edad-de-imputabilidad-a-13-anos\/","title":{"rendered":"El Gobierno propone bajar la edad de imputabilidad a 13 a\u00f1os"},"content":{"rendered":"<p style=\"text-align: center;\"><em><strong>El Ejecutivo presentar\u00e1 un proyecto en el Congreso para reducir la edad de imputabilidad de 16 a 13 a\u00f1os. Hoy a las 12, Patricia Bullrich y Mariano C\u00faneo Libarona realizar\u00e1n una conferencia de prensa para brindar m\u00e1s detalles<\/strong><\/em><\/p>\n<p>&nbsp;<\/p>\n<p>&nbsp;<\/p>\n<p>El Ejecutivo presentar\u00e1, hoy a las 12, un proyecto en el Congreso para reducir la edad de imputabilidad. As\u00ed fue anunciado por Manuel Adorni, vocero presidencial, en su ya usual conferencia de prensa diaria.<\/p>\n<p>&#8220;La ministra de Seguridad Patricia Bullrich y el ministro de Justicia, Mariano C\u00faneo Libarona, van a anunciar el env\u00edo de un proyecto de ley al Congreso para bajar la edad de imputabilidad desde los 16 hasta los 13 a\u00f1os&#8221;, explic\u00f3 el vocero. El texto llevar\u00e1 el t\u00edtulo de ley &#8220;R\u00e9gimen Penal Juvenil&#8221;<\/p>\n<p>&nbsp;<\/p>\n<p><strong>\u00bfQu\u00e9 prev\u00e9 el proyecto de ley que presentar\u00e1 el Gobierno?<\/strong><\/p>\n<p>Si bien todav\u00eda se desconocen los detalles del proyecto, Adorni confirm\u00f3 que la propuesta principal es bajar la edad de imputabilidad desde los 16 a\u00f1os a los 13. Seg\u00fan los datos brindados por el vocero presidencial, en 2023 se cometieron 2197 que fueron adjudicados a personas menores de edad.<\/p>\n<p>A modo comparativo, desde el Gobierno explicaron que &#8220;en Bolivia, Chile, Colombia, Paraguay, Per\u00fa la edad de imputabilidad es a los 14&#8221; mientras que &#8220;en Brasil es a los 12&#8221;. &#8220;Delito de adulto, pena de adulto&#8221;, sentenci\u00f3 Adorni.<\/p>\n<p>Desde el mes de marzo que, puertas adentro del oficialismo, comenzaron a trabajar en la elaboraci\u00f3n de un proyecto de ley en referencia con esta problem\u00e1tica. En pocas palabras, el debate se dio entorno a sancionar con c\u00e1rcel el crimen adolescente.<\/p>\n<p>En mayo &#8211; y tras el asesinato del playero en Rosario a manos de un menor de edad &#8211; el debate se retom\u00f3 con fuerza en la esfera p\u00fablica. En esta l\u00ednea, Bullrich diferenci\u00f3, en ese momento, los &#8220;delitos de sangre&#8221;, donde asegur\u00f3 que buscar\u00e1n que se aplique &#8220;la m\u00e1xima pena&#8221; de los &#8220;delitos menores&#8221;, donde uno puede tratar &#8220;que el menor recapacite&#8221;.<\/p>\n<p>&#8220;Hay que tener una de cal y una de arena. A los que cometen delitos menores, tratar de que no cometan delitos mayores. Y a los que cometen un delito fuerte, de sangre, muy violento, esos tienen que tener una pena mucho m\u00e1s dura\u201d, sentenci\u00f3 la Ministra a fines de mayo. Por el momento, no se conocen m\u00e1s detalles de c\u00f3mo se aplicar\u00e1n las penas si el proyecto es aprobado.<\/p>\n<p>&nbsp;<\/p>\n<p><strong>La presentaci\u00f3n del proyecto de ley<\/strong><\/p>\n<p>Tal como confirm\u00f3 Adorni, a partir de las 12 de este viernes se llevar\u00e1 a cabo una conferencia de prensa para presentar el proyecto de ley &#8220;Regimen Penal Juvenil&#8221;. En la misma estar\u00e1n presentes los ministros Bullrich y C\u00faneo Libarona acompa\u00f1ados por; Carlos Manfroni, Jefe de Gabinete del ministerio de Seguridad; Fernando Soto, Director Nacional de Normativa y Enlace Judicial; Sebasti\u00e1n Amerio, viceministro de justicia; y la jefe de gabinete del ministerio dirigido por C\u00faneo Libarona, Florencia Zicavo.<\/p>\n<p>El anuncio fue realizado por el ministerio de Seguridad de la Naci\u00f3n. La conferencia de prensa se llevar\u00e1 a cabo en la sede de la cartera dirigida por Bullrich, ubicada en Avenida General Gelly y Obes 2289.<\/p>\n","protected":false},"excerpt":{"rendered":"<p>El Ejecutivo presentar\u00e1 un proyecto en el Congreso para reducir la edad de imputabilidad de 16 a 13 a\u00f1os. Hoy a las 12, Patricia Bullrich y Mariano C\u00faneo Libarona realizar\u00e1n una conferencia de prensa para brindar m\u00e1s detalles &nbsp; &nbsp; El Ejecutivo presentar\u00e1, hoy a las 12, un proyecto en el Congreso para reducir la edad de imputabilidad. As\u00ed fue anunciado por Manuel Adorni, vocero presidencial, en su ya usual conferencia de prensa diaria. &#8220;La ministra de Seguridad Patricia Bullrich y el ministro de Justicia, Mariano C\u00faneo Libarona, van a&#8230;<\/p>\n","protected":false},"author":3,"featured_media":84489,"comment_status":"closed","ping_status":"closed","sticky":false,"template":"","format":"standard","meta":[],"categories":[18],"tags":[],"_links":{"self":[{"href":"https:\/\/www.actualidadadiario.com\/index.php\/wp-json\/wp\/v2\/posts\/116697"}],"collection":[{"href":"https:\/\/www.actualidadadiario.com\/index.php\/wp-json\/wp\/v2\/posts"}],"about":[{"href":"https:\/\/www.actualidadadiario.com\/index.php\/wp-json\/wp\/v2\/types\/post"}],"author":[{"embeddable":true,"href":"https:\/\/www.actualidadadiario.com\/index.php\/wp-json\/wp\/v2\/users\/3"}],"replies":[{"embeddable":true,"href":"https:\/\/www.actualidadadiario.com\/index.php\/wp-json\/wp\/v2\/comments?post=116697"}],"version-history":[{"count":1,"href":"https:\/\/www.actualidadadiario.com\/index.php\/wp-json\/wp\/v2\/posts\/116697\/revisions"}],"predecessor-version":[{"id":116698,"href":"https:\/\/www.actualidadadiario.com\/index.php\/wp-json\/wp\/v2\/posts\/116697\/revisions\/116698"}],"wp:featuredmedia":[{"embeddable":true,"href":"https:\/\/www.actualidadadiario.com\/index.php\/wp-json\/wp\/v2\/media\/84489"}],"wp:attachment":[{"href":"https:\/\/www.actualidadadiario.com\/index.php\/wp-json\/wp\/v2\/media?parent=116697"}],"wp:term":[{"taxonomy":"category","embeddable":true,"href":"https:\/\/www.actualidadadiario.com\/index.php\/wp-json\/wp\/v2\/categories?post=116697"},{"taxonomy":"post_tag","embeddable":true,"href":"https:\/\/www.actualidadadiario.com\/index.php\/wp-json\/wp\/v2\/tags?post=116697"}],"curies":[{"name":"wp","href":"https:\/\/api.w.org\/{rel}","templated":true}]}}