{"id":116694,"date":"2024-06-28T12:37:36","date_gmt":"2024-06-28T15:37:36","guid":{"rendered":"https:\/\/www.actualidadadiario.com\/?p=116694"},"modified":"2024-06-28T12:37:36","modified_gmt":"2024-06-28T15:37:36","slug":"entra-sturzenegger-el-gobierno-pone-en-marcha-cambios-en-el-gabinete-y-anuncia-nuevas-leyes","status":"publish","type":"post","link":"https:\/\/www.actualidadadiario.com\/index.php\/2024\/06\/28\/entra-sturzenegger-el-gobierno-pone-en-marcha-cambios-en-el-gabinete-y-anuncia-nuevas-leyes\/","title":{"rendered":"Entra Sturzenegger: el Gobierno pone en marcha cambios en el gabinete y anuncia nuevas leyes"},"content":{"rendered":"<p style=\"text-align: center;\"><em><strong>Luego de la sanci\u00f3n de la Ley Bases, el presidente Javier Milei anunci\u00f3 el ingreso de Sturzenegger al Gabinete. Prepara una bater\u00eda de decretos y\u00a0 proyectos para relanzar la gesti\u00f3n<\/strong><\/em><\/p>\n<p>&nbsp;<\/p>\n<p>&nbsp;<\/p>\n<p>El clima festivo por la aprobaci\u00f3n de la Ley de Bases y el paquete fiscal se ver\u00e1 reflejado en las medidas que tomar\u00e1 el presidente Javier Milei en los pr\u00f3ximos d\u00edas.<\/p>\n<p>Para el Gobierno se trata del hito m\u00e1s importante en estos seis meses de gesti\u00f3n. El jefe de Estado lo calific\u00f3 como &#8220;la reforma estructural m\u00e1s grande de la Argentina&#8221;. Ya con los proyectos aprobados por el Congreso, el Gobierno seguir\u00e1 con las reformas prometidas.<\/p>\n<p>Una de las decisiones inmediatas ser\u00e1 la reestructuraci\u00f3n en el gabinete dilatado en las \u00faltimas semanas a la espera del resultado de la aprobaci\u00f3n en la C\u00e1mara de Diputados. El mismo Milei confes\u00f3 que la semana que viene saldr\u00e1 el nombramiento de Federico Sturzenegger.<\/p>\n<p>&nbsp;<\/p>\n<p><strong>Federico Sturzenegger en el Gobierno<\/strong><\/p>\n<p>El presidente no mencion\u00f3 en qu\u00e9 cargo quedar\u00e1 finalmente el ex titular del Banco Central durante la gesti\u00f3n de Mauricio Macri. El economista sin cartera podr\u00eda recaer en un nuevo ministerio creado para cumplir el rol espec\u00edfico que le encomend\u00f3 el presidente: la reforma del Estado. Durante el macrismo llev\u00f3 el nombre de Ministerio de Modernizaci\u00f3n.<\/p>\n<p>Sturzenegger viene de las filas de Juntos por el Cambio, pero en el inicio de la gesti\u00f3n libertaria colabor\u00f3 con la redacci\u00f3n del DNU 70\/2023 e ingres\u00f3 al Gobierno en un rol de asesor econ\u00f3mico.<\/p>\n<p>El Gobierno saldr\u00e1 a relanzar la gesti\u00f3n apoy\u00e1ndose en los \u00e9xitos que considera llevaron a mantener el apoyo popular de Milei. Para el oficialismo, la econom\u00eda &#8220;est\u00e1 rebotando&#8221; y destacan la consolidaci\u00f3n del d\u00e9ficit cero y la baja en la inflaci\u00f3n.<\/p>\n<p>Las pr\u00f3ximas medidas incluir\u00edan un nuevo megadecreto con la reorganizaci\u00f3n estatal y otro paquete de leyes que busca eliminar 100 normas y regulaciones. Esta ma\u00f1ana, en una entrevista televisiva, el jefe de Estado reconoci\u00f3 que \u201cse vienen m\u00e1s reformas estructurales\u201d.<\/p>\n<p>&nbsp;<\/p>\n<p><strong>Los proyectos del Gobierno en la era Sturzenegger<\/strong><\/p>\n<p>Milei llam\u00f3 a este nuevo proyecto como la Ley de Hojarasca, una iniciativa que estar\u00e1 dise\u00f1ada por Sturzenegger con el objetivo de poner en marchas las desregulaciones. \u201cEs sobre un conjunto de regulaciones que entorpecen el funcionamiento del sistema econ\u00f3mico. Son cien leyes que se eliminan, pero que implican m\u00e1s reformas\u201d, sostuvo el presidente.<\/p>\n<p>El nuevo paquete de proyectos que se enviar\u00e1 al Congreso no es algo nuevo que surge espont\u00e1neamente, sino que viene dise\u00f1\u00e1ndose por colaboradores desde hace varios meses.<\/p>\n<p>El nombre no fue elegido al azar, sino que tiene que ver con la derogaci\u00f3n de las leyes que piensa impulsar el Ejecutivo, como aquellas que quedaron obsoletas por el paso del tiempo o est\u00e1n desfasadas por los cambios tecnol\u00f3gicos. Incluir\u00e1 a aquellas que tambi\u00e9n obstaculizan las reformas econ\u00f3micas de la gesti\u00f3n.<\/p>\n<p>Dentro de la bater\u00eda de iniciativas, los libertarios incluir\u00e1n proyectos para privatizar empresas que quedaron excluidas de la Ley Bases. La decisi\u00f3n del Presidente es enviar una ley por separado para concretar la privatizaci\u00f3n de Aerol\u00edneas Argentinas, el Correo y RTA. Tambi\u00e9n se avanzar\u00e1 en la eliminaci\u00f3n el impuesto Pa\u00eds.<\/p>\n<p>Otra parte del relanzamiento ser\u00e1 la firma del denominado Pacto de Mayo que posiblemente se concrete en la noche del 8 julio en Tucum\u00e1n y no el 9, como estaba previsto. Los cambios de fecho tuvieron que ver con el posible partido de la Argentina en la Copa Am\u00e9rica en caso de llegar a las semifinales.<\/p>\n","protected":false},"excerpt":{"rendered":"<p>Luego de la sanci\u00f3n de la Ley Bases, el presidente Javier Milei anunci\u00f3 el ingreso de Sturzenegger al Gabinete. Prepara una bater\u00eda de decretos y\u00a0 proyectos para relanzar la gesti\u00f3n &nbsp; &nbsp; El clima festivo por la aprobaci\u00f3n de la Ley de Bases y el paquete fiscal se ver\u00e1 reflejado en las medidas que tomar\u00e1 el presidente Javier Milei en los pr\u00f3ximos d\u00edas. Para el Gobierno se trata del hito m\u00e1s importante en estos seis meses de gesti\u00f3n. El jefe de Estado lo calific\u00f3 como &#8220;la reforma estructural m\u00e1s grande&#8230;<\/p>\n","protected":false},"author":3,"featured_media":116695,"comment_status":"closed","ping_status":"closed","sticky":false,"template":"","format":"standard","meta":[],"categories":[18],"tags":[],"_links":{"self":[{"href":"https:\/\/www.actualidadadiario.com\/index.php\/wp-json\/wp\/v2\/posts\/116694"}],"collection":[{"href":"https:\/\/www.actualidadadiario.com\/index.php\/wp-json\/wp\/v2\/posts"}],"about":[{"href":"https:\/\/www.actualidadadiario.com\/index.php\/wp-json\/wp\/v2\/types\/post"}],"author":[{"embeddable":true,"href":"https:\/\/www.actualidadadiario.com\/index.php\/wp-json\/wp\/v2\/users\/3"}],"replies":[{"embeddable":true,"href":"https:\/\/www.actualidadadiario.com\/index.php\/wp-json\/wp\/v2\/comments?post=116694"}],"version-history":[{"count":1,"href":"https:\/\/www.actualidadadiario.com\/index.php\/wp-json\/wp\/v2\/posts\/116694\/revisions"}],"predecessor-version":[{"id":116696,"href":"https:\/\/www.actualidadadiario.com\/index.php\/wp-json\/wp\/v2\/posts\/116694\/revisions\/116696"}],"wp:featuredmedia":[{"embeddable":true,"href":"https:\/\/www.actualidadadiario.com\/index.php\/wp-json\/wp\/v2\/media\/116695"}],"wp:attachment":[{"href":"https:\/\/www.actualidadadiario.com\/index.php\/wp-json\/wp\/v2\/media?parent=116694"}],"wp:term":[{"taxonomy":"category","embeddable":true,"href":"https:\/\/www.actualidadadiario.com\/index.php\/wp-json\/wp\/v2\/categories?post=116694"},{"taxonomy":"post_tag","embeddable":true,"href":"https:\/\/www.actualidadadiario.com\/index.php\/wp-json\/wp\/v2\/tags?post=116694"}],"curies":[{"name":"wp","href":"https:\/\/api.w.org\/{rel}","templated":true}]}}