{"id":116692,"date":"2024-06-28T12:35:35","date_gmt":"2024-06-28T15:35:35","guid":{"rendered":"https:\/\/www.actualidadadiario.com\/?p=116692"},"modified":"2024-06-28T12:35:35","modified_gmt":"2024-06-28T15:35:35","slug":"ley-bases-que-facultades-delegadas-recibira-javier-milei-tras-la-aprobacion-del-proyecto","status":"publish","type":"post","link":"https:\/\/www.actualidadadiario.com\/index.php\/2024\/06\/28\/ley-bases-que-facultades-delegadas-recibira-javier-milei-tras-la-aprobacion-del-proyecto\/","title":{"rendered":"Ley Bases: qu\u00e9 facultades delegadas recibir\u00e1 Javier Milei tras la aprobaci\u00f3n del proyecto"},"content":{"rendered":"<p style=\"text-align: center;\"><em><strong>El mandatario libertario recibir\u00e1 herramientas para llevar adelante su plan econ\u00f3mico. Cu\u00e1les son los principales cambios implementados por el Senado<\/strong><\/em><\/p>\n<p>&nbsp;<\/p>\n<p>&nbsp;<\/p>\n<p>El presidente Javier Milei y su Gabinete celebr\u00f3 la sanci\u00f3n de la ley Bases en la C\u00e1mara de Diputados: tras su aprobaci\u00f3n, el mandatario libertario recibir\u00e1 facultades delegadas y mayores herramientas para implementar su plan econ\u00f3mico.<\/p>\n<p>Los legisladores de la C\u00e1mara baja obtuvieron los votos necesarios tras negociaciones entre el oficialismo y la oposici\u00f3n dialoguista. Durante la madrugada del viernes, los bloques debatieron las modificaciones realizadas en el Senado y organizaciones sociales protestaron en las afueras del Congreso.<\/p>\n<p>&nbsp;<\/p>\n<p><strong>Qu\u00e9 facultades delegadas recibir\u00e1 Javier Milei si se aprueba la ley Bases<\/strong><\/p>\n<p>Cuando se promulgue el proyecto con modificaciones del Poder Ejecutivo, Javier Milei recibir\u00e1 facultades delegadas excepcionales en materia administrativa, econ\u00f3mica, financiera y energ\u00e9tica.<\/p>\n<p>En la versi\u00f3n presentada inicialmente en Diputados en abril, el Poder Ejecutivo ten\u00eda la intenci\u00f3n de poseer facultades delegadas por dos a\u00f1os con la posibilidad de prorrogarlas por otros dos. La versi\u00f3n actual establece una delegaci\u00f3n de un a\u00f1o con una pr\u00f3rroga del mismo plazo.<\/p>\n<p>&nbsp;<\/p>\n<p><strong>Ley Bases: qu\u00e9 son las emergencias y las facultades delegadas<\/strong><\/p>\n<p>Seg\u00fan el art\u00edculo 76 de la Constituci\u00f3n nacional se &#8220;proh\u00edbe la delegaci\u00f3n legislativa en el Poder Ejecutivo, salvo en materias determinadas de administraci\u00f3n o de emergencia p\u00fabica. Es decir, que esa delegaci\u00f3n podr\u00e1 darse, siempre y cuando cuente con &#8220;un plazo fijado para su ejercicio dentro de las bases de la delegaci\u00f3n que el Congreso establezca&#8221;.<\/p>\n<p>Esas bases, plazos y condiciones son las que, entre otras cosas, se debaten dentro del Congreso durante las \u00faltimas semanas. Seg\u00fan la Constituci\u00f3n Nacional, la delegaci\u00f3n legislativa es la &#8220;habilitaci\u00f3n excepcional y limitada que el Congreso puede conferir al Poder Ejecutivo para que \u00e9ste ejerza temporalmente algunas de las facultades legislativas que la Constituci\u00f3n otorga al Poder Legislativo&#8221;.<\/p>\n","protected":false},"excerpt":{"rendered":"<p>El mandatario libertario recibir\u00e1 herramientas para llevar adelante su plan econ\u00f3mico. Cu\u00e1les son los principales cambios implementados por el Senado &nbsp; &nbsp; El presidente Javier Milei y su Gabinete celebr\u00f3 la sanci\u00f3n de la ley Bases en la C\u00e1mara de Diputados: tras su aprobaci\u00f3n, el mandatario libertario recibir\u00e1 facultades delegadas y mayores herramientas para implementar su plan econ\u00f3mico. Los legisladores de la C\u00e1mara baja obtuvieron los votos necesarios tras negociaciones entre el oficialismo y la oposici\u00f3n dialoguista. Durante la madrugada del viernes, los bloques debatieron las modificaciones realizadas en el&#8230;<\/p>\n","protected":false},"author":3,"featured_media":115731,"comment_status":"closed","ping_status":"closed","sticky":false,"template":"","format":"standard","meta":[],"categories":[18],"tags":[],"_links":{"self":[{"href":"https:\/\/www.actualidadadiario.com\/index.php\/wp-json\/wp\/v2\/posts\/116692"}],"collection":[{"href":"https:\/\/www.actualidadadiario.com\/index.php\/wp-json\/wp\/v2\/posts"}],"about":[{"href":"https:\/\/www.actualidadadiario.com\/index.php\/wp-json\/wp\/v2\/types\/post"}],"author":[{"embeddable":true,"href":"https:\/\/www.actualidadadiario.com\/index.php\/wp-json\/wp\/v2\/users\/3"}],"replies":[{"embeddable":true,"href":"https:\/\/www.actualidadadiario.com\/index.php\/wp-json\/wp\/v2\/comments?post=116692"}],"version-history":[{"count":1,"href":"https:\/\/www.actualidadadiario.com\/index.php\/wp-json\/wp\/v2\/posts\/116692\/revisions"}],"predecessor-version":[{"id":116693,"href":"https:\/\/www.actualidadadiario.com\/index.php\/wp-json\/wp\/v2\/posts\/116692\/revisions\/116693"}],"wp:featuredmedia":[{"embeddable":true,"href":"https:\/\/www.actualidadadiario.com\/index.php\/wp-json\/wp\/v2\/media\/115731"}],"wp:attachment":[{"href":"https:\/\/www.actualidadadiario.com\/index.php\/wp-json\/wp\/v2\/media?parent=116692"}],"wp:term":[{"taxonomy":"category","embeddable":true,"href":"https:\/\/www.actualidadadiario.com\/index.php\/wp-json\/wp\/v2\/categories?post=116692"},{"taxonomy":"post_tag","embeddable":true,"href":"https:\/\/www.actualidadadiario.com\/index.php\/wp-json\/wp\/v2\/tags?post=116692"}],"curies":[{"name":"wp","href":"https:\/\/api.w.org\/{rel}","templated":true}]}}