{"id":116367,"date":"2024-06-24T11:12:02","date_gmt":"2024-06-24T14:12:02","guid":{"rendered":"https:\/\/www.actualidadadiario.com\/?p=116367"},"modified":"2024-06-24T11:12:02","modified_gmt":"2024-06-24T14:12:02","slug":"arranca-la-transicion-hacia-la-receta-electronica-como-es-el-proceso-para-su-implementacion","status":"publish","type":"post","link":"https:\/\/www.actualidadadiario.com\/index.php\/2024\/06\/24\/arranca-la-transicion-hacia-la-receta-electronica-como-es-el-proceso-para-su-implementacion\/","title":{"rendered":"Arranca la transici\u00f3n hacia la receta electr\u00f3nica: c\u00f3mo es el proceso para su implementaci\u00f3n"},"content":{"rendered":"<p style=\"text-align: center;\"><em><strong>La secretar\u00eda de Salud comenz\u00f3 a trabajar con las provincias para su r\u00e1pida implementaci\u00f3n que se efectivizar\u00e1 el 1 de julio<\/strong><\/em><\/p>\n<p>&nbsp;<\/p>\n<p>&nbsp;<\/p>\n<p>A partir del lunes 1 de julio, la secretar\u00eda de Salud comenzar\u00e1 a aplicar el plan por el cual paulatinamente las recetas m\u00e9dicas y las \u00f3rdenes de estudios y pr\u00e1cticas m\u00e9dicas abandonar\u00e1n el formante de papel para pasar a prescribirse en forma electr\u00f3nica a trav\u00e9s de plataformas digitales.<\/p>\n<p>De esa manera, entrar\u00e1 en vigencia la Ley Nacional de Receta Electr\u00f3nica que fue reglamentada a trav\u00e9s del decreto n\u00famero 345\/2024.<\/p>\n<p>&nbsp;<\/p>\n<p><strong>Cu\u00e1les son los beneficios<\/strong><\/p>\n<p>La cartera conducida por Mario Russo se\u00f1ala que &#8220;la receta electr\u00f3nica hace m\u00e1s segura y eficiente la prescripci\u00f3n en virtud de los est\u00e1ndares de calidad definidos: garantiza que su emisi\u00f3n es realizada por un profesional en ejercicio matriculado y habilitado; facilita la trazabilidad del circuito de prescripci\u00f3n y entrega, simplificando las instancias administrativas; y brinda herramientas a los profesionales para tomar mejores decisiones de tratamiento&#8221;.<\/p>\n<p>Con el fin de coordinar la implementaci\u00f3n con las provincias, se convoc\u00f3 a una reuni\u00f3n para este lunes 24 de junio a los ministros de Salud de cada una de las jurisdicciones.<\/p>\n<p>La iniciativa, indicaron voceros de la cartera, se viene trabajando con los colegios y c\u00e1maras del sector, el PAMI y la Superintendencia de Servicios de Salud.<\/p>\n<p>En el mismo sentido, el PAMI, otras obras sociales y prepagas ya vienen implementando modalidades de receta electr\u00f3nica.<\/p>\n<p>&nbsp;<\/p>\n<p><strong>C\u00f3mo se har\u00e1 el proceso los pr\u00f3ximos d\u00edas para su implementaci\u00f3n en julio<\/strong><\/p>\n<p>En el marco del plan, el ministerio cre\u00f3 el Registro Nacional de Plataformas Digitales Sanitarias (ReNaPDiS).<\/p>\n<p>Se trata de un registro que unifica &#8220;todas las plataformas existentes con el objetivo de mejorar los procesos de modernizaci\u00f3n e interoperabilidad entre sistemas. Esto implica la correcta adopci\u00f3n de buenas pr\u00e1cticas definidas por los equipos t\u00e9cnico-sanitarios&#8221;, indic\u00f3 la cartera.<\/p>\n<p>Adem\u00e1s, se actualiz\u00f3 el registro de profesionales de la salud inscriptos en el Sistema Integrado de Informaci\u00f3n Sanitaria Argentino (SISA).<\/p>\n<p>Con ese fin, se puso a disposici\u00f3n un procedimiento de carga masiva, para que las jurisdicciones tengan actualizada la informaci\u00f3n de los profesionales matriculados y habilitados para ejercer, de modo que puedan ser validados para prescribir recetas electr\u00f3nicas.<\/p>\n<p>En el marco de la instancia de adecuaci\u00f3n, en primer t\u00e9rmino se iniciar\u00e1 una instancia de adhesi\u00f3n de las provincias a la nueva modalidad de prescripci\u00f3n, mientras que las plataformas se inscribir\u00e1n en el ReNaPDiS, adaptando sus sistemas con los requisitos estipulados.<\/p>\n","protected":false},"excerpt":{"rendered":"<p>La secretar\u00eda de Salud comenz\u00f3 a trabajar con las provincias para su r\u00e1pida implementaci\u00f3n que se efectivizar\u00e1 el 1 de julio &nbsp; &nbsp; A partir del lunes 1 de julio, la secretar\u00eda de Salud comenzar\u00e1 a aplicar el plan por el cual paulatinamente las recetas m\u00e9dicas y las \u00f3rdenes de estudios y pr\u00e1cticas m\u00e9dicas abandonar\u00e1n el formante de papel para pasar a prescribirse en forma electr\u00f3nica a trav\u00e9s de plataformas digitales. De esa manera, entrar\u00e1 en vigencia la Ley Nacional de Receta Electr\u00f3nica que fue reglamentada a trav\u00e9s del decreto&#8230;<\/p>\n","protected":false},"author":3,"featured_media":98253,"comment_status":"closed","ping_status":"closed","sticky":false,"template":"","format":"standard","meta":[],"categories":[2],"tags":[],"_links":{"self":[{"href":"https:\/\/www.actualidadadiario.com\/index.php\/wp-json\/wp\/v2\/posts\/116367"}],"collection":[{"href":"https:\/\/www.actualidadadiario.com\/index.php\/wp-json\/wp\/v2\/posts"}],"about":[{"href":"https:\/\/www.actualidadadiario.com\/index.php\/wp-json\/wp\/v2\/types\/post"}],"author":[{"embeddable":true,"href":"https:\/\/www.actualidadadiario.com\/index.php\/wp-json\/wp\/v2\/users\/3"}],"replies":[{"embeddable":true,"href":"https:\/\/www.actualidadadiario.com\/index.php\/wp-json\/wp\/v2\/comments?post=116367"}],"version-history":[{"count":1,"href":"https:\/\/www.actualidadadiario.com\/index.php\/wp-json\/wp\/v2\/posts\/116367\/revisions"}],"predecessor-version":[{"id":116368,"href":"https:\/\/www.actualidadadiario.com\/index.php\/wp-json\/wp\/v2\/posts\/116367\/revisions\/116368"}],"wp:featuredmedia":[{"embeddable":true,"href":"https:\/\/www.actualidadadiario.com\/index.php\/wp-json\/wp\/v2\/media\/98253"}],"wp:attachment":[{"href":"https:\/\/www.actualidadadiario.com\/index.php\/wp-json\/wp\/v2\/media?parent=116367"}],"wp:term":[{"taxonomy":"category","embeddable":true,"href":"https:\/\/www.actualidadadiario.com\/index.php\/wp-json\/wp\/v2\/categories?post=116367"},{"taxonomy":"post_tag","embeddable":true,"href":"https:\/\/www.actualidadadiario.com\/index.php\/wp-json\/wp\/v2\/tags?post=116367"}],"curies":[{"name":"wp","href":"https:\/\/api.w.org\/{rel}","templated":true}]}}