{"id":116356,"date":"2024-06-24T11:08:28","date_gmt":"2024-06-24T14:08:28","guid":{"rendered":"https:\/\/www.actualidadadiario.com\/?p=116356"},"modified":"2024-06-24T11:08:53","modified_gmt":"2024-06-24T14:08:53","slug":"golpe-de-la-recesion-crecieron-60-las-prestaciones-de-desempleo-y-se-duplican-las-suspensiones","status":"publish","type":"post","link":"https:\/\/www.actualidadadiario.com\/index.php\/2024\/06\/24\/golpe-de-la-recesion-crecieron-60-las-prestaciones-de-desempleo-y-se-duplican-las-suspensiones\/","title":{"rendered":"Golpe de la recesi\u00f3n: crecieron 60% las prestaciones de desempleo y se duplican las suspensiones"},"content":{"rendered":"<p style=\"text-align: center;\"><em><strong>De acuerdo a un informe de la UNDAV, en el quinto mes del a\u00f1o se otorgaron 104.353 prestaciones por despidos. Este lunes, en medio del ajuste, la ca\u00edda del salario y del empleo, el INDEC difundir\u00e1 los datos de desempleo del primer trimestre de gesti\u00f3n libertaria<\/strong><\/em><\/p>\n<p>&nbsp;<\/p>\n<p>&nbsp;<\/p>\n<p>En medio de fuertes pol\u00edticas de ajuste, un plan econ\u00f3mico que Javier Mile considera &#8220;est\u00e1 funcionando&#8221;, un informe determin\u00f3 que la cantidad de prestaciones por desempleo de mayo de este a\u00f1o fue un 60% mayor a la que se registr\u00f3 en 2023. Este lunes el Instituto Nacional de Estad\u00edstica y Censos (INDEC) dar\u00e1 a conocer la cifra oficial del desempleo.<\/p>\n<p>Seg\u00fan un informe del Observatorio de Pol\u00edticas P\u00fablicas de la Universidad de Avellaneda (UNDAV), en el quinto mes del a\u00f1o se otorgaron 104.353 prestaciones por despidos, mientras que el promedio mensual del a\u00f1o pasado fue de 64.596. Para la entidad, el aumento del desempleo es resultado del combo letal para el consumo y la actividad econ\u00f3mica que signific\u00f3 la devaluaci\u00f3n, el corte de la obra p\u00fablica y el brusco ajuste del gasto p\u00fablico.<\/p>\n<p>&#8220;Tal vez, la medida que mayor quiebre en el sector privado gener\u00f3 fue la eliminaci\u00f3n de la obra p\u00fablica. En este sentido, y entre noviembre de 2023 y marzo de 2024, la cantidad de trabajadores en el rubro de la construcci\u00f3n tuvo un descenso del 12,7%&#8221;, se\u00f1alaron desde UNDAV.<\/p>\n<p>En los \u00faltimos meses la ca\u00edda del poder adquisitivo de trabajadores y jubilados impact\u00f3 notoriamente en los niveles de consumo. A lo que se sum\u00f3 el ajuste del gasto p\u00fablico y la cautela de los inversores privados, lo que gener\u00f3 un derrumbe de la demanda agregada. As\u00ed la recesi\u00f3n llev\u00f3 a una ola de retiros voluntarios, cese en las plantas de producci\u00f3n, reducciones de la jornada laboral y recorte de las horas extras por parte de las empresas.<\/p>\n<p>En solo seis meses, en el sector privado casi se duplicaron las suspensiones, con un fuerte incremento en abril, de acuerdo\u00a0 al \u00faltimo dato oficial disponible.\u00a0 En detalle, en el cuarto mes del a\u00f1o las suspensiones alcanzaron a 8,3 de cada mil trabajadores, esto implica que el indicador se aproxima a niveles hist\u00f3ricamente muy elevados, aunque por debajo de los registrados en la etapa de pandemia por Covid-19. De acuerdo con los datos de la Encuesta de Indicadores Laborales (EIL) \u201cmuestra crecimiento desde octubre de 2023\u201d aunque \u201ccontin\u00faa exhibiendo valores similares a los de los a\u00f1os previos a la pandemia\u201d.<\/p>\n<p>De acuerdo al informe de la Secretar\u00eda de Trabajo, se\u00f1al\u00f3 que tras haber registrado un m\u00e1ximo hist\u00f3rico en mayo de 2020, la proporci\u00f3n de trabajadores suspendidos fue descendiendo, sin embargo, en los \u00faltimos meses la tendencia comenz\u00f3 a modificarse con un ascenso desde fines del 2023. As\u00ed, el porcentaje de empresas que aplicaron suspensiones en abril ascendi\u00f3 a 5,6%, en noviembre del 2023 era del 4,8%.<\/p>\n<p>Y es que en los primeros meses de gesti\u00f3n libertaria cientos de empresas se vieron obligadas a realizar paradas t\u00e9cnicas con suspensiones de personal por el exceso de stock en medio de la ca\u00edda del consumo. Un ejemplo es el desplome de la producci\u00f3n industrial que el primer cuatrimestre del a\u00f1o acumul\u00f3 una contracci\u00f3n del 15,4%, tras caer solo en abril 16,6%, en base a datos oficiales.<\/p>\n<p>&#8220;Con la llegada al poder del Gobierno libertario se constituy\u00f3 como uno de los pilares principales de la pol\u00edtica econ\u00f3mica la reducci\u00f3n de la planta y las contrataciones en todo el sector p\u00fablico nacional&#8221;, destac\u00f3 el informe mencionado de UNDAV sobre el desmantelamiento de diferentes \u00e1reas y organismos estatales.<\/p>\n<p>Seg\u00fan las cifras de los \u00faltimos datos de Situaci\u00f3n y evoluci\u00f3n del Trabajo Registrado (SIPA) de la Secretar\u00eda de Trabajo Nacional, en marzo la cantidad de puestos de trabajo continu\u00f3 a la baja y alcanz\u00f3 en total a unos 126.000 empleos menos en solo cuatro meses. Espec\u00edficamente en marzo de este a\u00f1o, el empleo asalariado privado registra siete meses consecutivos de contracci\u00f3n, con un total de 95.000 puestos menos comparado con noviembre del 2023, antes del cambio de gesti\u00f3n.<\/p>\n","protected":false},"excerpt":{"rendered":"<p>De acuerdo a un informe de la UNDAV, en el quinto mes del a\u00f1o se otorgaron 104.353 prestaciones por despidos. Este lunes, en medio del ajuste, la ca\u00edda del salario y del empleo, el INDEC difundir\u00e1 los datos de desempleo del primer trimestre de gesti\u00f3n libertaria &nbsp; &nbsp; En medio de fuertes pol\u00edticas de ajuste, un plan econ\u00f3mico que Javier Mile considera &#8220;est\u00e1 funcionando&#8221;, un informe determin\u00f3 que la cantidad de prestaciones por desempleo de mayo de este a\u00f1o fue un 60% mayor a la que se registr\u00f3 en 2023&#8230;.<\/p>\n","protected":false},"author":3,"featured_media":116358,"comment_status":"closed","ping_status":"closed","sticky":false,"template":"","format":"standard","meta":[],"categories":[9],"tags":[],"_links":{"self":[{"href":"https:\/\/www.actualidadadiario.com\/index.php\/wp-json\/wp\/v2\/posts\/116356"}],"collection":[{"href":"https:\/\/www.actualidadadiario.com\/index.php\/wp-json\/wp\/v2\/posts"}],"about":[{"href":"https:\/\/www.actualidadadiario.com\/index.php\/wp-json\/wp\/v2\/types\/post"}],"author":[{"embeddable":true,"href":"https:\/\/www.actualidadadiario.com\/index.php\/wp-json\/wp\/v2\/users\/3"}],"replies":[{"embeddable":true,"href":"https:\/\/www.actualidadadiario.com\/index.php\/wp-json\/wp\/v2\/comments?post=116356"}],"version-history":[{"count":2,"href":"https:\/\/www.actualidadadiario.com\/index.php\/wp-json\/wp\/v2\/posts\/116356\/revisions"}],"predecessor-version":[{"id":116359,"href":"https:\/\/www.actualidadadiario.com\/index.php\/wp-json\/wp\/v2\/posts\/116356\/revisions\/116359"}],"wp:featuredmedia":[{"embeddable":true,"href":"https:\/\/www.actualidadadiario.com\/index.php\/wp-json\/wp\/v2\/media\/116358"}],"wp:attachment":[{"href":"https:\/\/www.actualidadadiario.com\/index.php\/wp-json\/wp\/v2\/media?parent=116356"}],"wp:term":[{"taxonomy":"category","embeddable":true,"href":"https:\/\/www.actualidadadiario.com\/index.php\/wp-json\/wp\/v2\/categories?post=116356"},{"taxonomy":"post_tag","embeddable":true,"href":"https:\/\/www.actualidadadiario.com\/index.php\/wp-json\/wp\/v2\/tags?post=116356"}],"curies":[{"name":"wp","href":"https:\/\/api.w.org\/{rel}","templated":true}]}}