{"id":116353,"date":"2024-06-24T10:44:18","date_gmt":"2024-06-24T13:44:18","guid":{"rendered":"https:\/\/www.actualidadadiario.com\/?p=116353"},"modified":"2024-06-24T10:44:18","modified_gmt":"2024-06-24T13:44:18","slug":"el-invierno-toma-impulso-esta-semana-y-retornan-las-heladas","status":"publish","type":"post","link":"https:\/\/www.actualidadadiario.com\/index.php\/2024\/06\/24\/el-invierno-toma-impulso-esta-semana-y-retornan-las-heladas\/","title":{"rendered":"El invierno toma impulso esta semana y retornan las heladas"},"content":{"rendered":"<p style=\"text-align: center;\"><em><strong>Habr\u00e1 bajas temperaturas y el fr\u00edo ser\u00e1 un denominador com\u00fan en el pa\u00eds durante las jornadas venideras. Durante toda la semana los registros t\u00e9rmicos no superar\u00e1n los 18 grados en Entre R\u00edos. Cu\u00e1l ser\u00e1 el d\u00eda m\u00e1s fr\u00edo<\/strong><\/em><\/p>\n<p>&nbsp;<\/p>\n<p>&nbsp;<\/p>\n<p>El invierno comienza a ponerse c\u00f3modo en la Argentina, en la que promete ser una temporada en l\u00edneas generales m\u00e1s fr\u00eda de lo normal de acuerdo a los pron\u00f3sticos estacionales.<\/p>\n<p>Luego de un mayo extremadamente fr\u00edo en el pa\u00eds, pero una primera quincena de junio llamativamente c\u00e1lida, con el inicio formal del invierno parece volver a retomar la senda de las bajas temperaturas como denominador com\u00fan a lo largo y ancho del territorio nacional.<\/p>\n<p>Durante el domingo, \u201cel fr\u00edo fue desplazando de a poco al aire templado del centro del pa\u00eds y luego al aire c\u00e1lido del norte, de la mano de un sistema frontal que avanz\u00f3 con algunas lluvias muy aisladas en las primeras horas del d\u00eda por las provincias centrales\u201d, describi\u00f3 el meteor\u00f3logo, Christian Garavaglia, en Meteored.<\/p>\n<p>A partir de hoy el centro de la Argentina presentar\u00e1 condiciones estables y sin pron\u00f3stico de precipitaciones. En Entre R\u00edos estar\u00e1 mayormente soleado, pese a lo cual la temperatura no llegar\u00eda a los 15 grados.<\/p>\n<p>Mientras tanto, se espera un aumento de nubosidad durante el martes que, seg\u00fan el pron\u00f3stico, ser\u00e1 el d\u00eda m\u00e1s fr\u00edo de la semana, con apenas 12 grados de m\u00e1ximas en Entre R\u00edos, sin descartar lluvias aisladas en el tramo final del d\u00eda.<\/p>\n<p>El ambiente continuar\u00e1 fr\u00edo a fresco en l\u00edneas generales desde el mi\u00e9rcoles, con cielo mayormente soleado y un leve ascenso t\u00e9rmico hasta llegar a los 18 grados el jueves y viernes.<\/p>\n<p>Se proyecta que durante el fin de semana haya un nuevo moderado descenso t\u00e9rmico, extendiendo la persistencia de las bajas temperaturas en gran del pa\u00eds.<\/p>\n","protected":false},"excerpt":{"rendered":"<p>Habr\u00e1 bajas temperaturas y el fr\u00edo ser\u00e1 un denominador com\u00fan en el pa\u00eds durante las jornadas venideras. Durante toda la semana los registros t\u00e9rmicos no superar\u00e1n los 18 grados en Entre R\u00edos. Cu\u00e1l ser\u00e1 el d\u00eda m\u00e1s fr\u00edo &nbsp; &nbsp; El invierno comienza a ponerse c\u00f3modo en la Argentina, en la que promete ser una temporada en l\u00edneas generales m\u00e1s fr\u00eda de lo normal de acuerdo a los pron\u00f3sticos estacionales. Luego de un mayo extremadamente fr\u00edo en el pa\u00eds, pero una primera quincena de junio llamativamente c\u00e1lida, con el inicio&#8230;<\/p>\n","protected":false},"author":3,"featured_media":116354,"comment_status":"closed","ping_status":"closed","sticky":false,"template":"","format":"standard","meta":[],"categories":[15],"tags":[],"_links":{"self":[{"href":"https:\/\/www.actualidadadiario.com\/index.php\/wp-json\/wp\/v2\/posts\/116353"}],"collection":[{"href":"https:\/\/www.actualidadadiario.com\/index.php\/wp-json\/wp\/v2\/posts"}],"about":[{"href":"https:\/\/www.actualidadadiario.com\/index.php\/wp-json\/wp\/v2\/types\/post"}],"author":[{"embeddable":true,"href":"https:\/\/www.actualidadadiario.com\/index.php\/wp-json\/wp\/v2\/users\/3"}],"replies":[{"embeddable":true,"href":"https:\/\/www.actualidadadiario.com\/index.php\/wp-json\/wp\/v2\/comments?post=116353"}],"version-history":[{"count":1,"href":"https:\/\/www.actualidadadiario.com\/index.php\/wp-json\/wp\/v2\/posts\/116353\/revisions"}],"predecessor-version":[{"id":116355,"href":"https:\/\/www.actualidadadiario.com\/index.php\/wp-json\/wp\/v2\/posts\/116353\/revisions\/116355"}],"wp:featuredmedia":[{"embeddable":true,"href":"https:\/\/www.actualidadadiario.com\/index.php\/wp-json\/wp\/v2\/media\/116354"}],"wp:attachment":[{"href":"https:\/\/www.actualidadadiario.com\/index.php\/wp-json\/wp\/v2\/media?parent=116353"}],"wp:term":[{"taxonomy":"category","embeddable":true,"href":"https:\/\/www.actualidadadiario.com\/index.php\/wp-json\/wp\/v2\/categories?post=116353"},{"taxonomy":"post_tag","embeddable":true,"href":"https:\/\/www.actualidadadiario.com\/index.php\/wp-json\/wp\/v2\/tags?post=116353"}],"curies":[{"name":"wp","href":"https:\/\/api.w.org\/{rel}","templated":true}]}}