{"id":116351,"date":"2024-06-24T10:43:38","date_gmt":"2024-06-24T13:43:38","guid":{"rendered":"https:\/\/www.actualidadadiario.com\/?p=116351"},"modified":"2024-06-24T10:43:38","modified_gmt":"2024-06-24T13:43:38","slug":"cuando-empieza-el-receso-escolar-de-invierno-en-entre-rios","status":"publish","type":"post","link":"https:\/\/www.actualidadadiario.com\/index.php\/2024\/06\/24\/cuando-empieza-el-receso-escolar-de-invierno-en-entre-rios\/","title":{"rendered":"Cu\u00e1ndo empieza el receso escolar de invierno en Entre R\u00edos"},"content":{"rendered":"<p style=\"text-align: center;\"><em><strong>A pocos d\u00edas del comienzo de las vacaciones de invierno, repasamos cu\u00e1les son las fechas de descanso para los alumnos y estudiantes de Entre R\u00edos<\/strong><\/em><\/p>\n<p>&nbsp;<\/p>\n<p>&nbsp;<\/p>\n<p>El Consejo General de Educaci\u00f3n (CGE) defini\u00f3 el cronograma de clases 2024 en Entre R\u00edos. El calendario escolar incluye al nivel inicial, primario y secundario. Cabe recordar que el inicio de clases fue el 26 de febrero y est\u00e1 previsto el cierre oficial para el 20 de diciembre.<\/p>\n<p>&nbsp;<\/p>\n<p><strong>Cu\u00e1ndo ser\u00e1n las vacaciones de invierno <\/strong><\/p>\n<p>Las vacaciones de invierno en Entre R\u00edos ser\u00e1n del 8 al 19 de julio para todos los niveles. Misma fecha se aplicar\u00e1 este a\u00f1o en las provincias de Santa Fe y de C\u00f3rdoba.<\/p>\n","protected":false},"excerpt":{"rendered":"<p>A pocos d\u00edas del comienzo de las vacaciones de invierno, repasamos cu\u00e1les son las fechas de descanso para los alumnos y estudiantes de Entre R\u00edos &nbsp; &nbsp; El Consejo General de Educaci\u00f3n (CGE) defini\u00f3 el cronograma de clases 2024 en Entre R\u00edos. El calendario escolar incluye al nivel inicial, primario y secundario. Cabe recordar que el inicio de clases fue el 26 de febrero y est\u00e1 previsto el cierre oficial para el 20 de diciembre. &nbsp; Cu\u00e1ndo ser\u00e1n las vacaciones de invierno Las vacaciones de invierno en Entre R\u00edos ser\u00e1n&#8230;<\/p>\n","protected":false},"author":3,"featured_media":102338,"comment_status":"closed","ping_status":"closed","sticky":false,"template":"","format":"standard","meta":[],"categories":[15],"tags":[],"_links":{"self":[{"href":"https:\/\/www.actualidadadiario.com\/index.php\/wp-json\/wp\/v2\/posts\/116351"}],"collection":[{"href":"https:\/\/www.actualidadadiario.com\/index.php\/wp-json\/wp\/v2\/posts"}],"about":[{"href":"https:\/\/www.actualidadadiario.com\/index.php\/wp-json\/wp\/v2\/types\/post"}],"author":[{"embeddable":true,"href":"https:\/\/www.actualidadadiario.com\/index.php\/wp-json\/wp\/v2\/users\/3"}],"replies":[{"embeddable":true,"href":"https:\/\/www.actualidadadiario.com\/index.php\/wp-json\/wp\/v2\/comments?post=116351"}],"version-history":[{"count":1,"href":"https:\/\/www.actualidadadiario.com\/index.php\/wp-json\/wp\/v2\/posts\/116351\/revisions"}],"predecessor-version":[{"id":116352,"href":"https:\/\/www.actualidadadiario.com\/index.php\/wp-json\/wp\/v2\/posts\/116351\/revisions\/116352"}],"wp:featuredmedia":[{"embeddable":true,"href":"https:\/\/www.actualidadadiario.com\/index.php\/wp-json\/wp\/v2\/media\/102338"}],"wp:attachment":[{"href":"https:\/\/www.actualidadadiario.com\/index.php\/wp-json\/wp\/v2\/media?parent=116351"}],"wp:term":[{"taxonomy":"category","embeddable":true,"href":"https:\/\/www.actualidadadiario.com\/index.php\/wp-json\/wp\/v2\/categories?post=116351"},{"taxonomy":"post_tag","embeddable":true,"href":"https:\/\/www.actualidadadiario.com\/index.php\/wp-json\/wp\/v2\/tags?post=116351"}],"curies":[{"name":"wp","href":"https:\/\/api.w.org\/{rel}","templated":true}]}}