{"id":116347,"date":"2024-06-24T10:42:20","date_gmt":"2024-06-24T13:42:20","guid":{"rendered":"https:\/\/www.actualidadadiario.com\/?p=116347"},"modified":"2024-06-24T10:42:20","modified_gmt":"2024-06-24T13:42:20","slug":"la-produccion-de-arroz-entrerriano-crecio-el-13","status":"publish","type":"post","link":"https:\/\/www.actualidadadiario.com\/index.php\/2024\/06\/24\/la-produccion-de-arroz-entrerriano-crecio-el-13\/","title":{"rendered":"La producci\u00f3n de arroz entrerriano creci\u00f3 el 13%"},"content":{"rendered":"<p style=\"text-align: center;\"><em><strong>El informe de la Bolsa de Cereales de Entre R\u00edos, detalla que a partir de la segunda quincena de enero y durante la primera de febrero hubo una ventana clim\u00e1tica caracterizada por una adecuada radiaci\u00f3n y temperaturas acordes que brindaron excelentes condiciones para el cereal<\/strong><\/em><\/p>\n<p>&nbsp;<\/p>\n<p>&nbsp;<\/p>\n<p>Durante el ciclo 2023\/24, la superficie dedicada a cultivar arroz creci\u00f3 un siete por ciento comparado con el a\u00f1o anterior, aumentando en 3.750 hect\u00e1reas y alcanzando un total de 58.600 hect\u00e1reas. Al principio se esperaba un aumento mayor, sobre todo porque el precio del cereal en el mercado internacional era muy atractivo. Sin embargo, hubo dos grandes problemas que limitaron la siembra del arroz:<\/p>\n<p>&nbsp;<\/p>\n<p>&#8211; No hab\u00eda suficiente agua almacenada en las represas para regar los campos.<\/p>\n<p>&nbsp;<\/p>\n<p>&#8211; Hubo demasiada lluvia a finales de octubre y principios de noviembre, lo que dificult\u00f3 la siembra.<\/p>\n<p>&nbsp;<\/p>\n<p>El Sistema de Informaci\u00f3n de la Bolsa de Cereales de Entre R\u00edos (Siber) explic\u00f3 que el clima no ayud\u00f3 mucho porque estaba presente \u201cEl Ni\u00f1o\u201d. Este fen\u00f3meno clim\u00e1tico del Oc\u00e9ano Pac\u00edfico provoca m\u00e1s nubes y lluvias, y menos sol, lo cual afecta negativamente al arroz, especialmente en su periodo m\u00e1s delicado de crecimiento.<\/p>\n<p>A partir de la segunda mitad de enero y durante la primera mitad de febrero, cuando la mayor\u00eda del arroz estaba en su periodo cr\u00edtico, hubo un clima m\u00e1s favorable con suficiente sol y temperaturas adecuadas, lo que cre\u00f3 condiciones perfectas para el cultivo.<\/p>\n<p>El rendimiento promedio de arroz en la provincia fue de 7.545 kg por hect\u00e1rea, lo que es un 2 % m\u00e1s (157 kg\/ha) que el a\u00f1o anterior. Comparado con el promedio de los \u00faltimos cinco a\u00f1os, hubo un aumento del 1 % (64 kg\/ha). En total, la producci\u00f3n de arroz aument\u00f3 un 13 % (52.425 toneladas) en comparaci\u00f3n con el a\u00f1o anterior, alcanzando un total de 442.125 toneladas.<\/p>\n","protected":false},"excerpt":{"rendered":"<p>El informe de la Bolsa de Cereales de Entre R\u00edos, detalla que a partir de la segunda quincena de enero y durante la primera de febrero hubo una ventana clim\u00e1tica caracterizada por una adecuada radiaci\u00f3n y temperaturas acordes que brindaron excelentes condiciones para el cereal &nbsp; &nbsp; Durante el ciclo 2023\/24, la superficie dedicada a cultivar arroz creci\u00f3 un siete por ciento comparado con el a\u00f1o anterior, aumentando en 3.750 hect\u00e1reas y alcanzando un total de 58.600 hect\u00e1reas. Al principio se esperaba un aumento mayor, sobre todo porque el precio&#8230;<\/p>\n","protected":false},"author":3,"featured_media":53778,"comment_status":"closed","ping_status":"closed","sticky":false,"template":"","format":"standard","meta":[],"categories":[15],"tags":[],"_links":{"self":[{"href":"https:\/\/www.actualidadadiario.com\/index.php\/wp-json\/wp\/v2\/posts\/116347"}],"collection":[{"href":"https:\/\/www.actualidadadiario.com\/index.php\/wp-json\/wp\/v2\/posts"}],"about":[{"href":"https:\/\/www.actualidadadiario.com\/index.php\/wp-json\/wp\/v2\/types\/post"}],"author":[{"embeddable":true,"href":"https:\/\/www.actualidadadiario.com\/index.php\/wp-json\/wp\/v2\/users\/3"}],"replies":[{"embeddable":true,"href":"https:\/\/www.actualidadadiario.com\/index.php\/wp-json\/wp\/v2\/comments?post=116347"}],"version-history":[{"count":1,"href":"https:\/\/www.actualidadadiario.com\/index.php\/wp-json\/wp\/v2\/posts\/116347\/revisions"}],"predecessor-version":[{"id":116348,"href":"https:\/\/www.actualidadadiario.com\/index.php\/wp-json\/wp\/v2\/posts\/116347\/revisions\/116348"}],"wp:featuredmedia":[{"embeddable":true,"href":"https:\/\/www.actualidadadiario.com\/index.php\/wp-json\/wp\/v2\/media\/53778"}],"wp:attachment":[{"href":"https:\/\/www.actualidadadiario.com\/index.php\/wp-json\/wp\/v2\/media?parent=116347"}],"wp:term":[{"taxonomy":"category","embeddable":true,"href":"https:\/\/www.actualidadadiario.com\/index.php\/wp-json\/wp\/v2\/categories?post=116347"},{"taxonomy":"post_tag","embeddable":true,"href":"https:\/\/www.actualidadadiario.com\/index.php\/wp-json\/wp\/v2\/tags?post=116347"}],"curies":[{"name":"wp","href":"https:\/\/api.w.org\/{rel}","templated":true}]}}