{"id":116342,"date":"2024-06-24T10:40:11","date_gmt":"2024-06-24T13:40:11","guid":{"rendered":"https:\/\/www.actualidadadiario.com\/?p=116342"},"modified":"2024-06-24T10:40:11","modified_gmt":"2024-06-24T13:40:11","slug":"presentaron-un-proyecto-para-crear-una-administradora-de-inmuebles","status":"publish","type":"post","link":"https:\/\/www.actualidadadiario.com\/index.php\/2024\/06\/24\/presentaron-un-proyecto-para-crear-una-administradora-de-inmuebles\/","title":{"rendered":"Presentaron un proyecto para crear una administradora de inmuebles"},"content":{"rendered":"<p style=\"text-align: center;\"><em><strong>El Poder Ejecutivo remiti\u00f3 a la Legislatura un proyecto de ley para la creaci\u00f3n de la Agencia Administradora de Bienes Inmuebles de la Provincia de Entre R\u00edos (Aabiper), con dependencia de la Secretar\u00eda General de la Gobernaci\u00f3n, autarqu\u00eda econ\u00f3mica y capacidad de actuar en el \u00e1mbito del derecho p\u00fablico y privado<\/strong><\/em><\/p>\n<p>&nbsp;<\/p>\n<p>&nbsp;<\/p>\n<p>Esa agencia, dice el texto legal que ingres\u00f3 a la C\u00e1mara de Diputados, se constituir\u00e1 con los bienes y personal de la Direcci\u00f3n de Administraci\u00f3n de Tierras Fiscales y la Unidad de Control de Inmuebles, ambos bajo dependencia actualmente de la Fiscal\u00eda de Estado.<\/p>\n<p>\u00abLo que existe hoy es una atomizaci\u00f3n, y una situaci\u00f3n muy dispersa -explica Mart\u00edn Rettore, titular de la Unidad de Control de Inmuebles de la Fiscal\u00eda de Estado-. La idea de la Agencia es centralizar y organizar para poder optimizar el uso de esos inmuebles. Hoy, en Fiscal\u00eda existe la Unidad de Control de Inmuebles y el \u00e1rea de Tierras Fiscales, pero tambi\u00e9n hay otros organismos que tienen la administraci\u00f3n de inmuebles. Al Poder Ejecutivo le pareci\u00f3 la oportunidad para centralizar la actividad inmobiliaria del Estado, controlar y proyectar los inmuebles que posee, que tenga o que pueda adquirir la Provincia\u00bb.<\/p>\n<p>Despu\u00e9s, completa: \u00abLa idea es administrar bienes que no tengan afectaci\u00f3n espec\u00edfica. No es para administrar todo el universo de bienes del estado. Cada organismo que tenga a su cargo bienes, como escuelas, comisar\u00edas, lo seguir\u00e1 teniendo a cargo. La Agencia lo que va a hacer es administrar los inmuebles ociosos, que no tengan una afectaci\u00f3n espec\u00edfica, y se le pueda dar utilidad\u00bb.<\/p>\n<p>El Estado posee grandes extensiones en zona insular del Delta entrerriano.<\/p>\n<p>Entre los objetivos del nuevo organismo, estar\u00e1n la \u201ccoordinaci\u00f3n y ejecuci\u00f3n de las pol\u00edticas, normas y procedimientos atinentes a la actividad inmobiliaria estatal, el control permanente de la misma y la intervenci\u00f3n en toda operaci\u00f3n inmobiliaria de todos los organismos, entidades y empresas que conforman el Estado Provincial\u201d; tambi\u00e9n, la \u201cgesti\u00f3n del inventario de la totalidad de inmuebles cuyo dominio, posesi\u00f3n o tenencia ejerza el Estado Provincial a trav\u00e9s de sus organismos, entidades y empresas, y la regularizaci\u00f3n dominial y\/o de ocupaci\u00f3n y uso de estos\u201d.<\/p>\n<p>A su vez, la \u201cpromoci\u00f3n del desarrollo econ\u00f3mico, productivo, social y ambiental, y la generaci\u00f3n recursos econ\u00f3micos, a partir de operaciones inmobiliarias sobre los inmuebles bajo su administraci\u00f3n y los que oportunamente adquiera\u201d. Y la \u201coptimizaci\u00f3n de recursos destinados al funcionamiento de reparticiones p\u00fablicas del Administraci\u00f3n Centralizada y Descentralizada, a partir de la asignaci\u00f3n de inmuebles del Estado y\/o la adquisici\u00f3n estrat\u00e9gica de inmuebles a tales fines\u201d.<\/p>\n<p>La Agencia est\u00e1 a cargo de un presidente, \u201ccon rango, jerarqu\u00eda y remuneraci\u00f3n equivalente a Secretario General de la Gobernaci\u00f3n, designado y removido por el Poder Ejecutivo\u201d. Ser\u00e1 secundado por un vicepresidente \u201ccon rango, jerarqu\u00eda y remuneraci\u00f3n equivalente a Secretario Ministerial, designado y removido por el Poder Ejecutivo; y dem\u00e1s autoridades y personal que establezca la estructura del organismo\u201d.<\/p>\n<p>El nuevo organismo ser\u00e1 el encargado de la aplicaci\u00f3n de la Ley N\u00b0 10.390, norma por la que la Provincia adhiri\u00f3 a la Ley Nacional N\u00ba 24374 y sus modificatorias Leyes N\u00bas. 25797, 26493 y 27118 sobre regularizaci\u00f3n dominial a favor de ocupantes que acrediten la posesi\u00f3n p\u00fablica, pac\u00edfica y continua durante tres a\u00f1os, con anterioridad al 1\u00ba de enero de 2009 y su cauce l\u00edcita, de inmuebles urbanos que tengan como destino principal el de casa habitaci\u00f3n \u00fanica y permanente y re\u00fanan las caracter\u00edsticas previstas en la reglamentaci\u00f3n, y de los inmuebles situados en \u00e1reas rurales donde existan asentamientos poblacionales.<\/p>\n<p>Y se fija que en esas labores \u201csustituir\u00e1 a la Escriban\u00eda Mayor de Gobierno en todas las funciones, competencias, atribuciones, derechos, y obligaciones que prev\u00e9 dicha norma\u201d. Tambi\u00e9n suplir\u00e1 al Consejo General de Educaci\u00f3n (CGE) \u201cen todas las funciones, competencias, atribuciones, derechos, y obligaciones que prev\u00e9 la Ley N\u00b0 4.829 y, el art\u00edculo 722 y el Cap\u00edtulo VII de la Ley N\u00b0 9776 \u2013C\u00f3digo Procesal Civil y Comercial de Entre R\u00edos\u201d.<\/p>\n<p>Adem\u00e1s, el proyecto apunta a derogar la Ley N\u00b0 10.243 y la liquidaci\u00f3n de la Compa\u00f1\u00eda Entrerriana de Tierras Sociedad del Estado, \u201cy dest\u00ednese el patrimonio resultante a la agencia creada por la presente ley\u201d.<\/p>\n","protected":false},"excerpt":{"rendered":"<p>El Poder Ejecutivo remiti\u00f3 a la Legislatura un proyecto de ley para la creaci\u00f3n de la Agencia Administradora de Bienes Inmuebles de la Provincia de Entre R\u00edos (Aabiper), con dependencia de la Secretar\u00eda General de la Gobernaci\u00f3n, autarqu\u00eda econ\u00f3mica y capacidad de actuar en el \u00e1mbito del derecho p\u00fablico y privado &nbsp; &nbsp; Esa agencia, dice el texto legal que ingres\u00f3 a la C\u00e1mara de Diputados, se constituir\u00e1 con los bienes y personal de la Direcci\u00f3n de Administraci\u00f3n de Tierras Fiscales y la Unidad de Control de Inmuebles, ambos bajo&#8230;<\/p>\n","protected":false},"author":3,"featured_media":90842,"comment_status":"closed","ping_status":"closed","sticky":false,"template":"","format":"standard","meta":[],"categories":[15],"tags":[],"_links":{"self":[{"href":"https:\/\/www.actualidadadiario.com\/index.php\/wp-json\/wp\/v2\/posts\/116342"}],"collection":[{"href":"https:\/\/www.actualidadadiario.com\/index.php\/wp-json\/wp\/v2\/posts"}],"about":[{"href":"https:\/\/www.actualidadadiario.com\/index.php\/wp-json\/wp\/v2\/types\/post"}],"author":[{"embeddable":true,"href":"https:\/\/www.actualidadadiario.com\/index.php\/wp-json\/wp\/v2\/users\/3"}],"replies":[{"embeddable":true,"href":"https:\/\/www.actualidadadiario.com\/index.php\/wp-json\/wp\/v2\/comments?post=116342"}],"version-history":[{"count":1,"href":"https:\/\/www.actualidadadiario.com\/index.php\/wp-json\/wp\/v2\/posts\/116342\/revisions"}],"predecessor-version":[{"id":116343,"href":"https:\/\/www.actualidadadiario.com\/index.php\/wp-json\/wp\/v2\/posts\/116342\/revisions\/116343"}],"wp:featuredmedia":[{"embeddable":true,"href":"https:\/\/www.actualidadadiario.com\/index.php\/wp-json\/wp\/v2\/media\/90842"}],"wp:attachment":[{"href":"https:\/\/www.actualidadadiario.com\/index.php\/wp-json\/wp\/v2\/media?parent=116342"}],"wp:term":[{"taxonomy":"category","embeddable":true,"href":"https:\/\/www.actualidadadiario.com\/index.php\/wp-json\/wp\/v2\/categories?post=116342"},{"taxonomy":"post_tag","embeddable":true,"href":"https:\/\/www.actualidadadiario.com\/index.php\/wp-json\/wp\/v2\/tags?post=116342"}],"curies":[{"name":"wp","href":"https:\/\/api.w.org\/{rel}","templated":true}]}}