{"id":116338,"date":"2024-06-19T13:33:06","date_gmt":"2024-06-19T16:33:06","guid":{"rendered":"https:\/\/www.actualidadadiario.com\/?p=116338"},"modified":"2024-06-19T13:33:06","modified_gmt":"2024-06-19T16:33:06","slug":"caso-loan-piden-que-intervenga-la-justicia-federal-ante-la-posibilidad-de-trata","status":"publish","type":"post","link":"https:\/\/www.actualidadadiario.com\/index.php\/2024\/06\/19\/caso-loan-piden-que-intervenga-la-justicia-federal-ante-la-posibilidad-de-trata\/","title":{"rendered":"Caso Loan: piden que intervenga la Justicia Federal, ante la posibilidad de trata"},"content":{"rendered":"<p style=\"text-align: center;\"><em><strong>La fundaci\u00f3n La Alameda lo solicit\u00f3 porque consideran que esa puede ser la causa de la desaparici\u00f3n del peque\u00f1o de 5 a\u00f1os. Por ahora, la causa sigue en la Justicia provincial<\/strong><\/em><\/p>\n<p>&nbsp;<\/p>\n<p>&nbsp;<\/p>\n<p>Mientras siguen los continuos rastrillajes en busca de Loan Danilo Pe\u00f1a, la Fundaci\u00f3n La Alameda pidi\u00f3 que la causa pase a la Justicia Federal, ante la posibilidad de que fuera v\u00edctima de trata de personas. El pedido fue hecho ante la PROTEX, la Procuradur\u00eda de Trata y Explotaci\u00f3n de Personas que encabezan Alejandra Mangano y Marcelo Colombo.<\/p>\n<p>Por ahora, la PROTEX viene interviniendo en una mesa de trabajo con el fiscal que lleva adelante el caso y otros organismos en funci\u00f3n de la alerta Sof\u00eda que se activ\u00f3 a partir de la desaparici\u00f3n del ni\u00f1o el pasado jueves.<\/p>\n<p>No obstante, de las comunicaciones que ya entablaron la PROTEX y la fiscal\u00eda a cargo de Juan Carlos Castillo no surgi\u00f3 ning\u00fan elemento del caso que determine que Loan pudo haber sido v\u00edctima de trata.<\/p>\n<p>Incluso, el fiscal del caso Castillo asegur\u00f3 que por ahora la principal hip\u00f3tesis del caso es que Loan se perdi\u00f3 en campo abierto y hacia eso apunta su b\u00fasqueda con rastrillajes y otras medidas de investigaci\u00f3n.<\/p>\n","protected":false},"excerpt":{"rendered":"<p>La fundaci\u00f3n La Alameda lo solicit\u00f3 porque consideran que esa puede ser la causa de la desaparici\u00f3n del peque\u00f1o de 5 a\u00f1os. Por ahora, la causa sigue en la Justicia provincial &nbsp; &nbsp; Mientras siguen los continuos rastrillajes en busca de Loan Danilo Pe\u00f1a, la Fundaci\u00f3n La Alameda pidi\u00f3 que la causa pase a la Justicia Federal, ante la posibilidad de que fuera v\u00edctima de trata de personas. El pedido fue hecho ante la PROTEX, la Procuradur\u00eda de Trata y Explotaci\u00f3n de Personas que encabezan Alejandra Mangano y Marcelo Colombo&#8230;.<\/p>\n","protected":false},"author":3,"featured_media":116262,"comment_status":"closed","ping_status":"closed","sticky":false,"template":"","format":"standard","meta":[],"categories":[4],"tags":[],"_links":{"self":[{"href":"https:\/\/www.actualidadadiario.com\/index.php\/wp-json\/wp\/v2\/posts\/116338"}],"collection":[{"href":"https:\/\/www.actualidadadiario.com\/index.php\/wp-json\/wp\/v2\/posts"}],"about":[{"href":"https:\/\/www.actualidadadiario.com\/index.php\/wp-json\/wp\/v2\/types\/post"}],"author":[{"embeddable":true,"href":"https:\/\/www.actualidadadiario.com\/index.php\/wp-json\/wp\/v2\/users\/3"}],"replies":[{"embeddable":true,"href":"https:\/\/www.actualidadadiario.com\/index.php\/wp-json\/wp\/v2\/comments?post=116338"}],"version-history":[{"count":1,"href":"https:\/\/www.actualidadadiario.com\/index.php\/wp-json\/wp\/v2\/posts\/116338\/revisions"}],"predecessor-version":[{"id":116339,"href":"https:\/\/www.actualidadadiario.com\/index.php\/wp-json\/wp\/v2\/posts\/116338\/revisions\/116339"}],"wp:featuredmedia":[{"embeddable":true,"href":"https:\/\/www.actualidadadiario.com\/index.php\/wp-json\/wp\/v2\/media\/116262"}],"wp:attachment":[{"href":"https:\/\/www.actualidadadiario.com\/index.php\/wp-json\/wp\/v2\/media?parent=116338"}],"wp:term":[{"taxonomy":"category","embeddable":true,"href":"https:\/\/www.actualidadadiario.com\/index.php\/wp-json\/wp\/v2\/categories?post=116338"},{"taxonomy":"post_tag","embeddable":true,"href":"https:\/\/www.actualidadadiario.com\/index.php\/wp-json\/wp\/v2\/tags?post=116338"}],"curies":[{"name":"wp","href":"https:\/\/api.w.org\/{rel}","templated":true}]}}