{"id":116321,"date":"2024-06-19T13:09:33","date_gmt":"2024-06-19T16:09:33","guid":{"rendered":"https:\/\/www.actualidadadiario.com\/?p=116321"},"modified":"2024-06-19T13:09:33","modified_gmt":"2024-06-19T16:09:33","slug":"milei-se-reunira-con-isabel-diaz-ayuso-en-medio-de-la-tension-con-pedro-sanchez","status":"publish","type":"post","link":"https:\/\/www.actualidadadiario.com\/index.php\/2024\/06\/19\/milei-se-reunira-con-isabel-diaz-ayuso-en-medio-de-la-tension-con-pedro-sanchez\/","title":{"rendered":"Milei se reunir\u00e1 con Isabel D\u00edaz Ayuso en medio de la tensi\u00f3n con Pedro S\u00e1nchez"},"content":{"rendered":"<p style=\"text-align: center;\"><em><strong>El mandatario libertario se reunir\u00e1 con la presidenta de la Comunidad de Madrid. Adem\u00e1s, recibir\u00e1 un premio de una fundaci\u00f3n liberal<\/strong><\/em><\/p>\n<p>&nbsp;<\/p>\n<p>&nbsp;<\/p>\n<p>El presidente Javier Milei se reunir\u00e1 con la Presidenta de la Comunidad de Madrid, Isabel D\u00edaz Ayuso, en lo que ser\u00e1 su pr\u00f3ximo viaje a Espa\u00f1a y en medio de una escalada de tensi\u00f3n el conflicto diplom\u00e1tico con el gobierno de Pedro S\u00e1nchez. As\u00ed lo confirm\u00f3 el vocero presidencial, Manuel Adorni.<\/p>\n<p>En la previa de su viaje a Madrid, Javier Milei volvi\u00f3 a arremeter contra S\u00e1nchez y comparti\u00f3 un art\u00edculo sobre un presunto &#8220;plan para acabar con la impunidad de los medios independientes que investigan la corrupci\u00f3n de su esposa&#8221;.<\/p>\n<p>El mandatario libertario, adem\u00e1s, apunt\u00f3 contra &#8220;los boluprogres&#8221; que desde Argentina apoyan el modelo socialista espa\u00f1ol: &#8220;El modelo que los boluprogres aqu\u00ed bancan a full&#8230; lo que sucede es que padecen una disonancia cognitiva que no les permite conectar causa y efecto entre lo que defienden y los aberrantes resultados. Ante ello la pregunta es \u00bfincapacidad o sobre?&#8221;.<\/p>\n<p>Las declaraciones surgen despu\u00e9s de que Milei apoyara p\u00fablicamente este martes a un periodista que denunci\u00f3 persecuci\u00f3n tras realizar una denuncia por corrupci\u00f3n en la administraci\u00f3n el PP. &#8220;Mi solidaridad con el periodista espa\u00f1ol @vitoquiles, quien est\u00e1 siendo perseguido por el gobierno de Pedro S\u00e1nchez luego de reportar que uno de sus ministros utiliz\u00f3 un auto oficial para ir a un recital de Taylor Swift&#8221;, escribi\u00f3 en la red social X.<\/p>\n<p>De esta manera, Milei escala en la tensi\u00f3n con el gobierno espa\u00f1ol a tan s\u00f3lo d\u00edas de un nuevo viaje: estar\u00e1 presente la pr\u00f3xima semana en Madrid para recibir el premio del Instituto Juan de Mariana &#8220;por su defensa de las ideas de la libertad&#8221;.<\/p>\n<p>&nbsp;<\/p>\n<p><strong>El Gobierno espa\u00f1ol advierte a Javier Milei antes de su viaje a Madrid: &#8220;Esperemos que mantenga un respeto&#8221;<\/strong><\/p>\n<p>El gobierno espa\u00f1ol, en tanto, advirti\u00f3 al presidente argentino por sus dichos:&#8221;Esperamos que en sus declaraciones mantenga un respeto hacia las instituciones y el pueblo espa\u00f1ol&#8221;, reclam\u00f3 la portavoz Pilar Alegr\u00eda.<\/p>\n<p>Al ser consultada sobre una nueva visita de Milei a Espa\u00f1a, Alegr\u00eda respondi\u00f3: &#8220;Desconocemos la agenda del Presidente de Argentina. Lo que s\u00ed les podemos decir es que, si ese viaje se produce, esperamos que en sus declaraciones, si es que las hay, mantenga un respeto hacia las instituciones y el pueblo espa\u00f1ol&#8221;.<\/p>\n<p>Las advertencias por parte de la funcionaria espa\u00f1ola se dan en la previa de un nuevo viaje del mandatario, quien estar\u00e1 presente en Madrid para recibir el premio del Instituto Juan de Mariana \u201cpor su defensa de las ideas de la libertad\u201d.<\/p>\n","protected":false},"excerpt":{"rendered":"<p>El mandatario libertario se reunir\u00e1 con la presidenta de la Comunidad de Madrid. Adem\u00e1s, recibir\u00e1 un premio de una fundaci\u00f3n liberal &nbsp; &nbsp; El presidente Javier Milei se reunir\u00e1 con la Presidenta de la Comunidad de Madrid, Isabel D\u00edaz Ayuso, en lo que ser\u00e1 su pr\u00f3ximo viaje a Espa\u00f1a y en medio de una escalada de tensi\u00f3n el conflicto diplom\u00e1tico con el gobierno de Pedro S\u00e1nchez. As\u00ed lo confirm\u00f3 el vocero presidencial, Manuel Adorni. En la previa de su viaje a Madrid, Javier Milei volvi\u00f3 a arremeter contra S\u00e1nchez y&#8230;<\/p>\n","protected":false},"author":3,"featured_media":116322,"comment_status":"closed","ping_status":"closed","sticky":false,"template":"","format":"standard","meta":[],"categories":[18],"tags":[],"_links":{"self":[{"href":"https:\/\/www.actualidadadiario.com\/index.php\/wp-json\/wp\/v2\/posts\/116321"}],"collection":[{"href":"https:\/\/www.actualidadadiario.com\/index.php\/wp-json\/wp\/v2\/posts"}],"about":[{"href":"https:\/\/www.actualidadadiario.com\/index.php\/wp-json\/wp\/v2\/types\/post"}],"author":[{"embeddable":true,"href":"https:\/\/www.actualidadadiario.com\/index.php\/wp-json\/wp\/v2\/users\/3"}],"replies":[{"embeddable":true,"href":"https:\/\/www.actualidadadiario.com\/index.php\/wp-json\/wp\/v2\/comments?post=116321"}],"version-history":[{"count":1,"href":"https:\/\/www.actualidadadiario.com\/index.php\/wp-json\/wp\/v2\/posts\/116321\/revisions"}],"predecessor-version":[{"id":116323,"href":"https:\/\/www.actualidadadiario.com\/index.php\/wp-json\/wp\/v2\/posts\/116321\/revisions\/116323"}],"wp:featuredmedia":[{"embeddable":true,"href":"https:\/\/www.actualidadadiario.com\/index.php\/wp-json\/wp\/v2\/media\/116322"}],"wp:attachment":[{"href":"https:\/\/www.actualidadadiario.com\/index.php\/wp-json\/wp\/v2\/media?parent=116321"}],"wp:term":[{"taxonomy":"category","embeddable":true,"href":"https:\/\/www.actualidadadiario.com\/index.php\/wp-json\/wp\/v2\/categories?post=116321"},{"taxonomy":"post_tag","embeddable":true,"href":"https:\/\/www.actualidadadiario.com\/index.php\/wp-json\/wp\/v2\/tags?post=116321"}],"curies":[{"name":"wp","href":"https:\/\/api.w.org\/{rel}","templated":true}]}}