{"id":116318,"date":"2024-06-19T13:08:24","date_gmt":"2024-06-19T16:08:24","guid":{"rendered":"https:\/\/www.actualidadadiario.com\/?p=116318"},"modified":"2024-06-19T13:08:24","modified_gmt":"2024-06-19T16:08:24","slug":"milei-encabezara-un-acto-por-el-dia-de-la-bandera-a-que-hora-y-donde-habla","status":"publish","type":"post","link":"https:\/\/www.actualidadadiario.com\/index.php\/2024\/06\/19\/milei-encabezara-un-acto-por-el-dia-de-la-bandera-a-que-hora-y-donde-habla\/","title":{"rendered":"Milei encabezar\u00e1 un acto por el D\u00eda de la Bandera: a qu\u00e9 hora y d\u00f3nde habla"},"content":{"rendered":"<p style=\"text-align: center;\"><em><strong>Posteriormente, el mandatario libertario partir\u00e1 hacia Europa para recibir premios tanto en Espa\u00f1a como en Alemania<\/strong><\/em><\/p>\n<p>&nbsp;<\/p>\n<p>&nbsp;<\/p>\n<p>El presidente Javier Milei realizar\u00e1 este jueves un acto por el D\u00eda de la Bandera en Rosario tras su participaci\u00f3n en el G7 realizado en Italia y en la previa de un nuevo viaje a Madrid, donde recibir\u00e1 un premio perteneciente a una fundaci\u00f3n libertaria. En este marco, \u00bfc\u00f3mo ser\u00e1 el acto en la ciudad santafesina y d\u00f3nde se llevar\u00e1 a cabo?<\/p>\n<p>A trav\u00e9s de una breve comunicaci\u00f3n, la Oficina del Presidente public\u00f3 en sus redes sociales la actividad. &#8220;El Presidente Javier Milei celebrar\u00e1 el D\u00eda de la Bandera este 20 de junio en el Monumento a la Bandera, en la ciudad de Rosario&#8221;, reza el mensaje de invitaci\u00f3n.<\/p>\n<p>De esta manera, y seg\u00fan indican las fuentes oficiales del Gobierno, Milei acort\u00f3 su viaje presidencial en Europa para estar presente en la celebraci\u00f3n del 17 de junio (el paso a la inmortalidad de General Don Mart\u00edn Miguel de G\u00fcemes) y el 20 del mes (el paso a la Inmortalidad del General Manuel Belgrano).<\/p>\n<p>El acto se realizar\u00e1 este 20 de junio de 12 a 18 horas. La Municipalidad de Rosario llevar\u00e1 adelante un evento con entrada gratuita que adem\u00e1s contar\u00e1 concursos gastron\u00f3micos, ferias, un espacio para las infancias, zonas de baile y m\u00fasica en vivo.<\/p>\n<p>&nbsp;<\/p>\n<p><strong>Los detalles del acto <\/strong><\/p>\n<p>En ese contexto pol\u00edtico, Milei llegar\u00e1 este jueves a las 8.30 al aeropuerto de Rosario y desde all\u00ed volar\u00e1 en helic\u00f3ptero hasta Prefectura, que est\u00e1 ubicado a 200 metros del Monumento a la Bandera. El resto del gabinete se trasladar\u00e1 en 2 o 3 aviones.<\/p>\n<p>El acto previo al evento de la municipalidad comenzar\u00e1 a las 9 con el izamiento de la bandera. Ah\u00ed estar\u00e1n presentes Milei, Pullaro y Pablo Javkin, intendente de Rosario. Luego del izamiento viene la jura de las tropas. El ministro de Defensa, Luis Petri, anticip\u00f3 que llegar\u00e1n algunas compa\u00f1\u00edas a nivel nacional para la jura que estar\u00eda a cargo del Presidente. Luego llegar\u00e1n los discursos Javkin, Pullaro y Milei. La provincia de Santa Fe va a televisar el acto completo.<\/p>\n<p>No est\u00e1 confirmado que el Presidente participe junto al gobernador y al intendente de la jura de la bandera junto a miles de estudiantes en el Patio C\u00edvico del Monumento. El secretario de seguridad p\u00fablica de Santa Fe coordinar\u00e1 el operativo de seguridad con la Casa Militar del gobierno nacional.<\/p>\n","protected":false},"excerpt":{"rendered":"<p>Posteriormente, el mandatario libertario partir\u00e1 hacia Europa para recibir premios tanto en Espa\u00f1a como en Alemania &nbsp; &nbsp; El presidente Javier Milei realizar\u00e1 este jueves un acto por el D\u00eda de la Bandera en Rosario tras su participaci\u00f3n en el G7 realizado en Italia y en la previa de un nuevo viaje a Madrid, donde recibir\u00e1 un premio perteneciente a una fundaci\u00f3n libertaria. En este marco, \u00bfc\u00f3mo ser\u00e1 el acto en la ciudad santafesina y d\u00f3nde se llevar\u00e1 a cabo? A trav\u00e9s de una breve comunicaci\u00f3n, la Oficina del Presidente&#8230;<\/p>\n","protected":false},"author":3,"featured_media":116319,"comment_status":"closed","ping_status":"closed","sticky":false,"template":"","format":"standard","meta":[],"categories":[18],"tags":[],"_links":{"self":[{"href":"https:\/\/www.actualidadadiario.com\/index.php\/wp-json\/wp\/v2\/posts\/116318"}],"collection":[{"href":"https:\/\/www.actualidadadiario.com\/index.php\/wp-json\/wp\/v2\/posts"}],"about":[{"href":"https:\/\/www.actualidadadiario.com\/index.php\/wp-json\/wp\/v2\/types\/post"}],"author":[{"embeddable":true,"href":"https:\/\/www.actualidadadiario.com\/index.php\/wp-json\/wp\/v2\/users\/3"}],"replies":[{"embeddable":true,"href":"https:\/\/www.actualidadadiario.com\/index.php\/wp-json\/wp\/v2\/comments?post=116318"}],"version-history":[{"count":1,"href":"https:\/\/www.actualidadadiario.com\/index.php\/wp-json\/wp\/v2\/posts\/116318\/revisions"}],"predecessor-version":[{"id":116320,"href":"https:\/\/www.actualidadadiario.com\/index.php\/wp-json\/wp\/v2\/posts\/116318\/revisions\/116320"}],"wp:featuredmedia":[{"embeddable":true,"href":"https:\/\/www.actualidadadiario.com\/index.php\/wp-json\/wp\/v2\/media\/116319"}],"wp:attachment":[{"href":"https:\/\/www.actualidadadiario.com\/index.php\/wp-json\/wp\/v2\/media?parent=116318"}],"wp:term":[{"taxonomy":"category","embeddable":true,"href":"https:\/\/www.actualidadadiario.com\/index.php\/wp-json\/wp\/v2\/categories?post=116318"},{"taxonomy":"post_tag","embeddable":true,"href":"https:\/\/www.actualidadadiario.com\/index.php\/wp-json\/wp\/v2\/tags?post=116318"}],"curies":[{"name":"wp","href":"https:\/\/api.w.org\/{rel}","templated":true}]}}