{"id":116316,"date":"2024-06-19T13:07:25","date_gmt":"2024-06-19T16:07:25","guid":{"rendered":"https:\/\/www.actualidadadiario.com\/?p=116316"},"modified":"2024-06-19T13:07:25","modified_gmt":"2024-06-19T16:07:25","slug":"elisa-carrio-adelanto-que-sera-candidata-a-senadora-no-me-gusta-la-forma-de-hacer-politica-de-jxc","status":"publish","type":"post","link":"https:\/\/www.actualidadadiario.com\/index.php\/2024\/06\/19\/elisa-carrio-adelanto-que-sera-candidata-a-senadora-no-me-gusta-la-forma-de-hacer-politica-de-jxc\/","title":{"rendered":"Elisa Carri\u00f3 adelant\u00f3 que ser\u00e1 candidata a senadora: &#8220;No me gusta la forma de hacer pol\u00edtica de JxC&#8221;"},"content":{"rendered":"<p style=\"text-align: center;\"><em><strong>La referente de la Coalici\u00f3n C\u00edvica manifest\u00f3 la importancia de pensar un proyecto de naci\u00f3n &#8220;que construya a las clases medias&#8221;. Adem\u00e1s, marc\u00f3 un paralelismo entre Cristina Kirchner y Javier Milei<\/strong><\/em><\/p>\n<p>&nbsp;<\/p>\n<p>&nbsp;<\/p>\n<p>La referente de Coalici\u00f3n C\u00edvica, Elisa Carri\u00f3, manifest\u00f3 su intenci\u00f3n de ser candidata a senadora de cara a las elecciones legislativas de 2025 y critic\u00f3 la forma de &#8220;hacer pol\u00edtica&#8221; de Juntos por el Cambio (JxC): &#8220;Me parece que la causa de un proyecto de naci\u00f3n que construya a las clases medias tiene sentido&#8221;.<\/p>\n<p>&#8220;Seguramente me presente. Me parece que la causa de un proyecto de naci\u00f3n que construya a las clases medias, que haga que los pobres pasen a ser clase media, con un proyecto educativo vanguardista, tiene sentido&#8221;, asegur\u00f3 &#8220;Lilita&#8221; en declaraciones televisivas.<\/p>\n<p>Y, sobre Juntos por el Cambio, se\u00f1al\u00f3 que &#8220;hay que anticiparse lo antes posible. Voy a ser candidata por la CC. No me gusta esa forma de hacer pol\u00edtica de Juntos por el Cambio. Yo constru\u00ed JxC, pele\u00e9 para que seamos mejores, para que no haya dinero espurio en la campa\u00f1a, para que no haya acuerdos transversales por abajo&#8221;.<\/p>\n<p>&nbsp;<\/p>\n<p><strong>&#8220;Hay una continuidad hist\u00f3rica entre el kirchnerismo y Milei&#8221;<\/strong><\/p>\n<p>En una entrevista con La Naci\u00f3n Carri\u00f3 se\u00f1al\u00f3 una &#8220;continuidad hist\u00f3rica&#8221; entre el espacio ligado a la expresidenta Cristina Fern\u00e1ndez de Kirchner y el actual mandatario Javier Milei.<\/p>\n<p>&#8220;Hay una continuidad hist\u00f3rica. No hay voluntad de cambio. Entre el kirchnerismo y Milei, aparte de sus cruces en la deuda en Barrios de Pie, o el Movimiento Evita, que no los investigan. Es el discurso de Cristina grit\u00e1ndonos. En un momento sos progre para \u00e9l, y en otro sos de derecha para ella. Cuando est\u00e1s en el extremo del lenguaje y no pod\u00e9s reflexionar&#8230; Vino el guarango con \u00e9xito. Hay una continuidad hist\u00f3rica que se agrava. O moderamos el lenguaje o vamos a una guerra civil&#8221;, declar\u00f3.<\/p>\n<p>&nbsp;<\/p>\n<p><strong>Las cr\u00edticas a Javier Milei<\/strong><\/p>\n<p>Y agreg\u00f3: &#8220;Est\u00e1n vendiendo una ilusi\u00f3n. Milei minti\u00f3, dijo que iba a dolarizar. Por eso se fue la inflaci\u00f3n tan lejos, porque si ganaba, el d\u00f3lar estar\u00eda en $2000. De alguna manera, se stocke\u00f3 en los sectores intermedios a $1500. Esto es lo que est\u00e1 haciendo bajar la inflaci\u00f3n ahora, porque est\u00e1n llenos de stock&#8221;.<\/p>\n<p>La l\u00edder de Coalici\u00f3n C\u00edvica alert\u00f3 sobre la situaci\u00f3n econ\u00f3mica actual y se refiri\u00f3 a una crisis &#8220;de mediana y peque\u00f1a empresa&#8221;.<\/p>\n<p>&#8220;Hubo inflaci\u00f3n y se vendi\u00f3 a $1000, porque el d\u00f3lar estaba a $1000. Y ahora se est\u00e1 vendiendo a $1000, por eso no hay inflaci\u00f3n. Pero cuando el fabricante ofrece, dicen que est\u00e1n super stockeados. Entonces el fabricante pone a los empleados en licencia o los echa. Estamos en una crisis de mediana y peque\u00f1a empresa, terrible&#8221;, afirm\u00f3.<\/p>\n","protected":false},"excerpt":{"rendered":"<p>La referente de la Coalici\u00f3n C\u00edvica manifest\u00f3 la importancia de pensar un proyecto de naci\u00f3n &#8220;que construya a las clases medias&#8221;. Adem\u00e1s, marc\u00f3 un paralelismo entre Cristina Kirchner y Javier Milei &nbsp; &nbsp; La referente de Coalici\u00f3n C\u00edvica, Elisa Carri\u00f3, manifest\u00f3 su intenci\u00f3n de ser candidata a senadora de cara a las elecciones legislativas de 2025 y critic\u00f3 la forma de &#8220;hacer pol\u00edtica&#8221; de Juntos por el Cambio (JxC): &#8220;Me parece que la causa de un proyecto de naci\u00f3n que construya a las clases medias tiene sentido&#8221;. &#8220;Seguramente me presente&#8230;.<\/p>\n","protected":false},"author":3,"featured_media":96960,"comment_status":"closed","ping_status":"closed","sticky":false,"template":"","format":"standard","meta":[],"categories":[18],"tags":[],"_links":{"self":[{"href":"https:\/\/www.actualidadadiario.com\/index.php\/wp-json\/wp\/v2\/posts\/116316"}],"collection":[{"href":"https:\/\/www.actualidadadiario.com\/index.php\/wp-json\/wp\/v2\/posts"}],"about":[{"href":"https:\/\/www.actualidadadiario.com\/index.php\/wp-json\/wp\/v2\/types\/post"}],"author":[{"embeddable":true,"href":"https:\/\/www.actualidadadiario.com\/index.php\/wp-json\/wp\/v2\/users\/3"}],"replies":[{"embeddable":true,"href":"https:\/\/www.actualidadadiario.com\/index.php\/wp-json\/wp\/v2\/comments?post=116316"}],"version-history":[{"count":1,"href":"https:\/\/www.actualidadadiario.com\/index.php\/wp-json\/wp\/v2\/posts\/116316\/revisions"}],"predecessor-version":[{"id":116317,"href":"https:\/\/www.actualidadadiario.com\/index.php\/wp-json\/wp\/v2\/posts\/116316\/revisions\/116317"}],"wp:featuredmedia":[{"embeddable":true,"href":"https:\/\/www.actualidadadiario.com\/index.php\/wp-json\/wp\/v2\/media\/96960"}],"wp:attachment":[{"href":"https:\/\/www.actualidadadiario.com\/index.php\/wp-json\/wp\/v2\/media?parent=116316"}],"wp:term":[{"taxonomy":"category","embeddable":true,"href":"https:\/\/www.actualidadadiario.com\/index.php\/wp-json\/wp\/v2\/categories?post=116316"},{"taxonomy":"post_tag","embeddable":true,"href":"https:\/\/www.actualidadadiario.com\/index.php\/wp-json\/wp\/v2\/tags?post=116316"}],"curies":[{"name":"wp","href":"https:\/\/api.w.org\/{rel}","templated":true}]}}