{"id":116310,"date":"2024-06-19T13:05:16","date_gmt":"2024-06-19T16:05:16","guid":{"rendered":"https:\/\/www.actualidadadiario.com\/?p=116310"},"modified":"2024-06-19T13:05:16","modified_gmt":"2024-06-19T16:05:16","slug":"los-numeros-de-la-actividad-no-acompanan-al-gobierno-y-para-el-fmi-la-recesion-sera-prolongada","status":"publish","type":"post","link":"https:\/\/www.actualidadadiario.com\/index.php\/2024\/06\/19\/los-numeros-de-la-actividad-no-acompanan-al-gobierno-y-para-el-fmi-la-recesion-sera-prolongada\/","title":{"rendered":"Los n\u00fameros de la actividad no acompa\u00f1an al Gobierno y para el FMI, la recesi\u00f3n ser\u00e1 prolongada"},"content":{"rendered":"<p style=\"text-align: center;\"><em><strong>Los \u00faltimos datos desmienten una mejora en el consumo. Mientras el Gobierno insiste con la quita subsidios, el Fondo empeora sus pron\u00f3sticos<\/strong><\/em><\/p>\n<p>&nbsp;<\/p>\n<p>&nbsp;<\/p>\n<p>Los \u00faltimos datos sobre la econom\u00eda real no terminan de despejar las dudas sobre una eventual recuperaci\u00f3n de la actividad. M\u00e1s bien lo contrario: est\u00e1 pr\u00e1cticamente descartada la posibilidad de una reactivaci\u00f3n en &#8220;V&#8221;, al d\u00eda de hoy tampoco existen demasiados indicios de que la mejora haya comenzado.<\/p>\n<p>Algunos de los indicadores oficiales permiten avizorar que la actividad pudo tocar un piso entre abril y mayo, pero no podr\u00eda asegurarse que esa realidad sea homog\u00e9nea a todos los sectores.<\/p>\n<p>Ayer, por ejemplo, la c\u00e1mara que agrupa a los metal\u00fargicos (ADIMRA) advirti\u00f3 que ese rubro se encuentra en el peor nivel desde la pandemia.<\/p>\n<p>El sector metal\u00fargico registr\u00f3 durante el mes pasado una ca\u00edda en su producci\u00f3n del 17,6% en forma interanual. Y contra abril de este a\u00f1o, la baja de la actividad alcanz\u00f3 el -0,7%. &#8220;Hubo una ca\u00edda sistem\u00e1tica en todos los subsectores que componen este entramado industrial, con contracciones de hasta -21% Interanual (producci\u00f3n de materiales el\u00e9ctricos)&#8221;, destac\u00f3 la c\u00e1mara empresarial.<\/p>\n<p>&nbsp;<\/p>\n<p><strong>La ca\u00edda de la actividad se extiende: el consumo, en rojo intenso<\/strong><\/p>\n<p>Las empresas del sector est\u00e1n despidiendo: el nivel de empleo se encuentra 3,4% por debajo del a\u00f1o pasado.<\/p>\n<p>Seg\u00fan la consultora Scentia, especializada en consumo masivo, la crisis en el sector no afloja. En los primeros diez d\u00edas de junio, las ventas en las grandes cadenas de supermercados fueron 10% menores a las del mismo lapso del a\u00f1o pasado.<\/p>\n<p>Significa que el escenario luce tan preocupante como hasta ahora.<\/p>\n<p>En mayo, el consumo masivo -ventas tanto de supermercados como de autoservicios- registr\u00f3 una ca\u00edda del 10,2% versus mayo del a\u00f1o pasado. &#8220;Se mantiene el escenario de retracci\u00f3n, algo m\u00e1s desacelerado que abril, con una variaci\u00f3n de -10% vs mismo mes de 2023&#8221;, dice el reporte de la consultora especializada Scentia.<\/p>\n<p>&#8220;El comportamiento entre canales fue muy parecido a partir de una contracci\u00f3n de -10,5% en Supermercados y -9,5% en negocios de barrio&#8221;, concluye el reporte.<\/p>\n<p>Los registros en el consumo masivo se asemejan a lo que est\u00e1n mostrando otros sectores.<\/p>\n<p>CAME, la c\u00e1mara de los peque\u00f1os y medianos comercios, acaba de reportar una ca\u00edda del 10% en las ventas del &#8220;D\u00eda del Padre&#8221;, lo que luce consistente con lo visto en los supermercados.<\/p>\n<p>A su vez, tambi\u00e9n es parecido a lo que pasa en las carnicer\u00edas con el consumo de carne vacuna y pollo, con una contracci\u00f3n en torno al 10% en mayo versus mayo del a\u00f1o pasado.<\/p>\n<p>&nbsp;<\/p>\n<p><strong>Para el FMI, la recesi\u00f3n no se terminar\u00e1 en el corto plazo<\/strong><\/p>\n<p>En el documento que acompa\u00f1a la octava revisi\u00f3n del acuerdo con la Argentina, los t\u00e9cnicos del FMI dejan planteado un escenario que, a esta altura de la crisis, luce escalofriante.<\/p>\n<p>En el comienzo del reporte, en la p\u00e1gina 3, el Fondo Monetario dice: &#8220;La actual recesi\u00f3n econ\u00f3mica podr\u00eda prolongarse m\u00e1s y el proceso de desinflaci\u00f3n podr\u00eda resultar m\u00e1s persistente, provocando penurias prolongadas e intensificaci\u00f3n de las tensiones sociales, incluso con el refuerzo del gasto social&#8221;.<\/p>\n<p>El planteo se choca con la expectativa que hasta ahora quer\u00eda establecer el Gobierno, con la posibilidad de una recuperaci\u00f3n en &#8220;V&#8221;, una mejora r\u00e1pida y acelerada.<\/p>\n<p>De hecho, el Fondo empeor\u00f3 el pron\u00f3stico para la actividad econ\u00f3mica. Calcul\u00f3 una contracci\u00f3n del 3,5% para este a\u00f1o, contra un -2,7% que hab\u00eda estimado en la revisi\u00f3n de hace unos meses.<\/p>\n<p>Sin contar al sector agr\u00edcola, que en este 2024 tendr\u00e1 una recuperaci\u00f3n muy fuerte tras la sequ\u00eda del a\u00f1o pasado, el Producto Bruto mostrar\u00eda una ca\u00edda del 6,0%. La m\u00e1s fuerte desde la pandemia.<\/p>\n<p>Una ca\u00edda tan fuerte se contradice con la expectativa de una mejora en la actividad durante el segundo semestre del a\u00f1o, tal cual la promesa del Gobierno.<\/p>\n<p>&nbsp;<\/p>\n<p><strong>\u00bfUna mala jugada del Gobierno?<\/strong><\/p>\n<p>Sucedi\u00f3 con las prepagas: el Gobierno primero liberaliz\u00f3 el mercado y, luego, una vez que las empresas aplicaron fuertes ajustes en las cuotas, desde el Ejecutivo decidieron dar marcha atr\u00e1s.<\/p>\n<p>Denunciaron a las compa\u00f1\u00edas de la medicina prepaga por abuso y le pusieron l\u00edmite a los aumentos mensuales que pagan los clientes. De otra forma, miles de personas deb\u00edan &#8220;bajarse&#8221; de la medicina privada.<\/p>\n<p>La pregunta, ahora, refiere a las tarifas de los servicios p\u00fablicos. El Gobierno insiste en una reducci\u00f3n notable, y muy r\u00e1pida, de los subsidios, lo que lleva a un alza hist\u00f3rica de las facturas.<\/p>\n<p>La cuesti\u00f3n es saber ahora si ese mazazo sobre los bolsillos de los consumidores retrasar\u00e1 a\u00fan m\u00e1s la recuperaci\u00f3n econ\u00f3mica, en contra de lo que pretend\u00eda la Casa Rosada.<\/p>\n<p>Lo mismo que la anunciada actualizaci\u00f3n del impuesto a los combustibles, que deber\u00eda redundar en un ajuste del 18% en el precio del litro de nafta a partir del 1 de julio.<\/p>\n<p>\u00bfHabr\u00e1 aqu\u00ed tambi\u00e9n una relectura de las medidas? \u00bfSe abortar\u00e1n estos ajustes anunciados? De lo contrario, el riesgo es que se revierta la tendencia a la desinflaci\u00f3n. Y tambi\u00e9n, lo dicho antes, que la actividad siga hundida. Se ver\u00e1.<\/p>\n","protected":false},"excerpt":{"rendered":"<p>Los \u00faltimos datos desmienten una mejora en el consumo. Mientras el Gobierno insiste con la quita subsidios, el Fondo empeora sus pron\u00f3sticos &nbsp; &nbsp; Los \u00faltimos datos sobre la econom\u00eda real no terminan de despejar las dudas sobre una eventual recuperaci\u00f3n de la actividad. M\u00e1s bien lo contrario: est\u00e1 pr\u00e1cticamente descartada la posibilidad de una reactivaci\u00f3n en &#8220;V&#8221;, al d\u00eda de hoy tampoco existen demasiados indicios de que la mejora haya comenzado. Algunos de los indicadores oficiales permiten avizorar que la actividad pudo tocar un piso entre abril y mayo,&#8230;<\/p>\n","protected":false},"author":3,"featured_media":116013,"comment_status":"closed","ping_status":"closed","sticky":false,"template":"","format":"standard","meta":[],"categories":[18],"tags":[],"_links":{"self":[{"href":"https:\/\/www.actualidadadiario.com\/index.php\/wp-json\/wp\/v2\/posts\/116310"}],"collection":[{"href":"https:\/\/www.actualidadadiario.com\/index.php\/wp-json\/wp\/v2\/posts"}],"about":[{"href":"https:\/\/www.actualidadadiario.com\/index.php\/wp-json\/wp\/v2\/types\/post"}],"author":[{"embeddable":true,"href":"https:\/\/www.actualidadadiario.com\/index.php\/wp-json\/wp\/v2\/users\/3"}],"replies":[{"embeddable":true,"href":"https:\/\/www.actualidadadiario.com\/index.php\/wp-json\/wp\/v2\/comments?post=116310"}],"version-history":[{"count":1,"href":"https:\/\/www.actualidadadiario.com\/index.php\/wp-json\/wp\/v2\/posts\/116310\/revisions"}],"predecessor-version":[{"id":116311,"href":"https:\/\/www.actualidadadiario.com\/index.php\/wp-json\/wp\/v2\/posts\/116310\/revisions\/116311"}],"wp:featuredmedia":[{"embeddable":true,"href":"https:\/\/www.actualidadadiario.com\/index.php\/wp-json\/wp\/v2\/media\/116013"}],"wp:attachment":[{"href":"https:\/\/www.actualidadadiario.com\/index.php\/wp-json\/wp\/v2\/media?parent=116310"}],"wp:term":[{"taxonomy":"category","embeddable":true,"href":"https:\/\/www.actualidadadiario.com\/index.php\/wp-json\/wp\/v2\/categories?post=116310"},{"taxonomy":"post_tag","embeddable":true,"href":"https:\/\/www.actualidadadiario.com\/index.php\/wp-json\/wp\/v2\/tags?post=116310"}],"curies":[{"name":"wp","href":"https:\/\/api.w.org\/{rel}","templated":true}]}}