{"id":116304,"date":"2024-06-19T12:30:20","date_gmt":"2024-06-19T15:30:20","guid":{"rendered":"https:\/\/www.actualidadadiario.com\/?p=116304"},"modified":"2024-06-19T12:30:20","modified_gmt":"2024-06-19T15:30:20","slug":"las-medidas-de-milei-corren-el-riesgo-de-socavar-la-proteccion-de-los-derechos-humanos","status":"publish","type":"post","link":"https:\/\/www.actualidadadiario.com\/index.php\/2024\/06\/19\/las-medidas-de-milei-corren-el-riesgo-de-socavar-la-proteccion-de-los-derechos-humanos\/","title":{"rendered":"\u201cLas medidas de Milei corren el riesgo de socavar la protecci\u00f3n de los derechos humanos\u201d"},"content":{"rendered":"<p style=\"text-align: center;\"><em><strong>As\u00ed lo expres\u00f3 el alto comisionado de la ONU para los Derechos Humanos, Volker T\u00fcrk, quien tambi\u00e9n advirti\u00f3 a M\u00e9xico por la violencia pol\u00edtica<\/strong><\/em><\/p>\n<p>&nbsp;<\/p>\n<p>&nbsp;<\/p>\n<p>La Organizaci\u00f3n de las Naciones Unidas (ONU) advirti\u00f3 que &#8220;las recientes medidas propuestas y adoptadas&#8221; por el gobierno de Javier Milei, en la Argentina, &#8220;corren el riesgo de socavar la protecci\u00f3n de los derechos humanos&#8221;.<\/p>\n<p>As\u00ed lo expres\u00f3 el alto comisionado de la ONU para los Derechos Humanos, Volker T\u00fcrk, durante el 56\u00ba per\u00edodo de sesiones del Consejo de Derechos Humanos, celebrado en Ginebra.<\/p>\n<p>Asimismo, critic\u00f3 la pol\u00edtica de recortes implementada por Milei, que fue promocionada por su gobierno como &#8216;la motosierra&#8217;. A ese respecto, T\u00fcrk remarc\u00f3 que los recortes al gasto p\u00fablico &#8220;afectan particularmente a los m\u00e1s marginados&#8221;.<\/p>\n<p>Adem\u00e1s, se\u00f1al\u00f3 que otras medidas que atentan contra los derechos fundamentales son los cierres de instituciones estatales, como las dedicadas &#8220;a los derechos de las mujeres y el acceso a la justicia&#8221;.<\/p>\n<p>El alto comisionado se\u00f1al\u00f3 tambi\u00e9n que entre las decisiones de Milei que podr\u00edan vulnerar los derechos de las personas, est\u00e1 &#8220;una instrucci\u00f3n del Ministerio de Relaciones Exteriores de suspender la participaci\u00f3n en todos los eventos en el extranjero relacionados con la Agenda 2030&#8221;.<\/p>\n<p>Por tal motivo, T\u00fcrk inst\u00f3 a las autoridades argentinas &#8220;a que coloquen los derechos humanos en el centro de su formulaci\u00f3n de pol\u00edticas, para construir una sociedad m\u00e1s cohesiva e inclusiva&#8221;. &#8220;Esto tambi\u00e9n significa pleno respeto del derecho de reuni\u00f3n pac\u00edfica y de libertad de expresi\u00f3n&#8221;, a\u00f1adi\u00f3 el representante de la oficina de derechos humanos de la ONU, seg\u00fan informaci\u00f3n del sitio Actualidad RT.<\/p>\n<p>&nbsp;<\/p>\n<p><strong>Un cap\u00edtulo para M\u00e9xico<\/strong><\/p>\n<p>T\u00fcrk demand\u00f3 a M\u00e9xico la &#8220;rendici\u00f3n de cuentas&#8221; por los episodios de violencia que se presentaron durante el reci\u00e9n concluido proceso electoral. &#8220;En M\u00e9xico, hago un llamado a las autoridades para que garanticen la rendici\u00f3n de cuentas por la violencia y los asesinatos ocurridos durante el per\u00edodo electoral, incluidos los de pol\u00edticos&#8221;, se\u00f1al\u00f3 el funcionario.<\/p>\n","protected":false},"excerpt":{"rendered":"<p>As\u00ed lo expres\u00f3 el alto comisionado de la ONU para los Derechos Humanos, Volker T\u00fcrk, quien tambi\u00e9n advirti\u00f3 a M\u00e9xico por la violencia pol\u00edtica &nbsp; &nbsp; La Organizaci\u00f3n de las Naciones Unidas (ONU) advirti\u00f3 que &#8220;las recientes medidas propuestas y adoptadas&#8221; por el gobierno de Javier Milei, en la Argentina, &#8220;corren el riesgo de socavar la protecci\u00f3n de los derechos humanos&#8221;. As\u00ed lo expres\u00f3 el alto comisionado de la ONU para los Derechos Humanos, Volker T\u00fcrk, durante el 56\u00ba per\u00edodo de sesiones del Consejo de Derechos Humanos, celebrado en Ginebra&#8230;.<\/p>\n","protected":false},"author":3,"featured_media":116305,"comment_status":"closed","ping_status":"closed","sticky":false,"template":"","format":"standard","meta":[],"categories":[9],"tags":[],"_links":{"self":[{"href":"https:\/\/www.actualidadadiario.com\/index.php\/wp-json\/wp\/v2\/posts\/116304"}],"collection":[{"href":"https:\/\/www.actualidadadiario.com\/index.php\/wp-json\/wp\/v2\/posts"}],"about":[{"href":"https:\/\/www.actualidadadiario.com\/index.php\/wp-json\/wp\/v2\/types\/post"}],"author":[{"embeddable":true,"href":"https:\/\/www.actualidadadiario.com\/index.php\/wp-json\/wp\/v2\/users\/3"}],"replies":[{"embeddable":true,"href":"https:\/\/www.actualidadadiario.com\/index.php\/wp-json\/wp\/v2\/comments?post=116304"}],"version-history":[{"count":1,"href":"https:\/\/www.actualidadadiario.com\/index.php\/wp-json\/wp\/v2\/posts\/116304\/revisions"}],"predecessor-version":[{"id":116306,"href":"https:\/\/www.actualidadadiario.com\/index.php\/wp-json\/wp\/v2\/posts\/116304\/revisions\/116306"}],"wp:featuredmedia":[{"embeddable":true,"href":"https:\/\/www.actualidadadiario.com\/index.php\/wp-json\/wp\/v2\/media\/116305"}],"wp:attachment":[{"href":"https:\/\/www.actualidadadiario.com\/index.php\/wp-json\/wp\/v2\/media?parent=116304"}],"wp:term":[{"taxonomy":"category","embeddable":true,"href":"https:\/\/www.actualidadadiario.com\/index.php\/wp-json\/wp\/v2\/categories?post=116304"},{"taxonomy":"post_tag","embeddable":true,"href":"https:\/\/www.actualidadadiario.com\/index.php\/wp-json\/wp\/v2\/tags?post=116304"}],"curies":[{"name":"wp","href":"https:\/\/api.w.org\/{rel}","templated":true}]}}