{"id":116280,"date":"2024-06-19T11:28:01","date_gmt":"2024-06-19T14:28:01","guid":{"rendered":"https:\/\/www.actualidadadiario.com\/?p=116280"},"modified":"2024-06-19T11:28:12","modified_gmt":"2024-06-19T14:28:12","slug":"sesiona-hoy-el-congreso-extraordinario-de-agmer-con-eje-en-la-defensa-del-regimen-jubilatorio-entrerriano","status":"publish","type":"post","link":"https:\/\/www.actualidadadiario.com\/index.php\/2024\/06\/19\/sesiona-hoy-el-congreso-extraordinario-de-agmer-con-eje-en-la-defensa-del-regimen-jubilatorio-entrerriano\/","title":{"rendered":"Sesiona hoy el Congreso Extraordinario de Agmer, con eje en la defensa del r\u00e9gimen jubilatorio entrerriano"},"content":{"rendered":"<p style=\"text-align: center;\"><em><strong>La Asociaci\u00f3n Gremial del Magisterio de Entre R\u00edos (Agmer) se re\u00fane en Congreso Extraordinario este mi\u00e9rcoles en Villaguay, para evaluar la reforma del sistema previsional entrerriano que anunci\u00f3 el Gobierno provincial. El sindicato docente se encuentra en estado de alerta y movilizaci\u00f3n, a la vez que declar\u00f3 su \u201cdefensa irrestricta de la Ley 8732 y de nuestra Caja\u201d<\/strong><\/em><\/p>\n<p>&nbsp;<\/p>\n<p>&nbsp;<\/p>\n<p>El temario que el gremio abordar\u00e1 en el Congreso incluye con los siguientes puntos: elecci\u00f3n mesa del Congreso; informe de gesti\u00f3n; an\u00e1lisis de la situaci\u00f3n nacional, provincial y del sistema previsional entrerriano; estrategias a seguir; lectura y aprobaci\u00f3n del acta.<\/p>\n<p>Luego de la serie de medidas anunciadas por el gobierno de Frigerio para afrontar el rojo de la Caja de Jubilaciones y Pensiones de la provincia, el sindicato docente mayoritario, reunido en Plenario de Secretarios y Secretarias Generales y Comisi\u00f3n Directiva Central, se declar\u00f3 en estado de alerta y movilizaci\u00f3n.<\/p>\n<p>Consider\u00f3 que el denominado \u201csalvataje\u201d del organismo previsional implica una \u201cdecisi\u00f3n unilateral de incrementar los aportes de los\/las activos\/as y crear un nuevo aporte por parte de los jubilados y jubiladas\u201d.<\/p>\n<p>\u201cNos declaramos en alerta y dispuestos a articular el debate en cada lugar de trabajo junto a un programa de defensa de nuestro r\u00e9gimen jubilatorio\u201d, advirti\u00f3 Agmer y subray\u00f3: \u201cDaremos todos los pasos necesarios con la lucha en las calles, la v\u00eda judicial y la interpelaci\u00f3n a los legisladores de todas las fuerzas pol\u00edticas para impedir este atropello\u201d.<\/p>\n","protected":false},"excerpt":{"rendered":"<p>La Asociaci\u00f3n Gremial del Magisterio de Entre R\u00edos (Agmer) se re\u00fane en Congreso Extraordinario este mi\u00e9rcoles en Villaguay, para evaluar la reforma del sistema previsional entrerriano que anunci\u00f3 el Gobierno provincial. El sindicato docente se encuentra en estado de alerta y movilizaci\u00f3n, a la vez que declar\u00f3 su \u201cdefensa irrestricta de la Ley 8732 y de nuestra Caja\u201d &nbsp; &nbsp; El temario que el gremio abordar\u00e1 en el Congreso incluye con los siguientes puntos: elecci\u00f3n mesa del Congreso; informe de gesti\u00f3n; an\u00e1lisis de la situaci\u00f3n nacional, provincial y del sistema&#8230;<\/p>\n","protected":false},"author":3,"featured_media":104267,"comment_status":"closed","ping_status":"closed","sticky":false,"template":"","format":"standard","meta":[],"categories":[15],"tags":[],"_links":{"self":[{"href":"https:\/\/www.actualidadadiario.com\/index.php\/wp-json\/wp\/v2\/posts\/116280"}],"collection":[{"href":"https:\/\/www.actualidadadiario.com\/index.php\/wp-json\/wp\/v2\/posts"}],"about":[{"href":"https:\/\/www.actualidadadiario.com\/index.php\/wp-json\/wp\/v2\/types\/post"}],"author":[{"embeddable":true,"href":"https:\/\/www.actualidadadiario.com\/index.php\/wp-json\/wp\/v2\/users\/3"}],"replies":[{"embeddable":true,"href":"https:\/\/www.actualidadadiario.com\/index.php\/wp-json\/wp\/v2\/comments?post=116280"}],"version-history":[{"count":2,"href":"https:\/\/www.actualidadadiario.com\/index.php\/wp-json\/wp\/v2\/posts\/116280\/revisions"}],"predecessor-version":[{"id":116282,"href":"https:\/\/www.actualidadadiario.com\/index.php\/wp-json\/wp\/v2\/posts\/116280\/revisions\/116282"}],"wp:featuredmedia":[{"embeddable":true,"href":"https:\/\/www.actualidadadiario.com\/index.php\/wp-json\/wp\/v2\/media\/104267"}],"wp:attachment":[{"href":"https:\/\/www.actualidadadiario.com\/index.php\/wp-json\/wp\/v2\/media?parent=116280"}],"wp:term":[{"taxonomy":"category","embeddable":true,"href":"https:\/\/www.actualidadadiario.com\/index.php\/wp-json\/wp\/v2\/categories?post=116280"},{"taxonomy":"post_tag","embeddable":true,"href":"https:\/\/www.actualidadadiario.com\/index.php\/wp-json\/wp\/v2\/tags?post=116280"}],"curies":[{"name":"wp","href":"https:\/\/api.w.org\/{rel}","templated":true}]}}