{"id":116277,"date":"2024-06-19T11:27:20","date_gmt":"2024-06-19T14:27:20","guid":{"rendered":"https:\/\/www.actualidadadiario.com\/?p=116277"},"modified":"2024-06-19T11:27:20","modified_gmt":"2024-06-19T14:27:20","slug":"el-pj-pide-que-el-gobierno-provincial-informe-sobre-el-cumplimiento-de-la-ley-de-economia-social","status":"publish","type":"post","link":"https:\/\/www.actualidadadiario.com\/index.php\/2024\/06\/19\/el-pj-pide-que-el-gobierno-provincial-informe-sobre-el-cumplimiento-de-la-ley-de-economia-social\/","title":{"rendered":"El PJ pide que el Gobierno provincial informe sobre el cumplimiento de la Ley de Econom\u00eda Social"},"content":{"rendered":"<p style=\"text-align: center;\"><em><strong>El bloque de diputados \u201cM\u00e1s Para Entre R\u00edos\u201d present\u00f3 un Pedido de Informes al Poder Ejecutivo provincial. Entre otras cuestiones, requieren conocer el monto recibido por el Ministerio de Desarrollo Humano en concepto de utilidades del Iafas destinados a la Econom\u00eda Social desde el 10 de diciembre de 2023 a la fecha<\/strong><\/em><\/p>\n<p>&nbsp;<\/p>\n<p>&nbsp;<\/p>\n<p>El bloque de diputados \u201cM\u00e1s Para Entre R\u00edos\u201d present\u00f3 un Pedido de Informes al Poder Ejecutivo provincial sobre el cumplimiento de disposiciones previstas en la Ley de Econom\u00eda Social N\u00b0 10.151 sancionada en 2012, que cre\u00f3 el R\u00e9gimen de Promoci\u00f3n y Fomento de la Econom\u00eda Social de la provincia.<\/p>\n<p>La iniciativa -que toma estado parlamentario en la sesi\u00f3n de este mi\u00e9rcoles- requiere conocer el monto recibido por el Ministerio de Desarrollo Humano en concepto de utilidades del Iafas destinados a la Econom\u00eda Social, desde el 10 de diciembre de 2023 a la fecha, con detalle de ejecuci\u00f3n y programas previstos en el Presupuesto 2024.<\/p>\n<p>Tambi\u00e9n el detalle de las compras y\/o contrataciones realizadas en las distintas reparticiones para la provisi\u00f3n de bienes y servicios priorizando a los inscriptos en el \u201cRegistro de Efectores de la Econom\u00eda Social y Solidaria de la Provincia de Entre R\u00edos\u201d, y si en 2024 se aprob\u00f3 el Programa de Financiamiento a Cooperativas y\/o Grupos Asociativos, con detalle del nivel de ejecuci\u00f3n y planificaci\u00f3n anual.<\/p>\n<p>Igualmente se reclama saber si en 2024 se aprobaron los programas Formar para Emprender, Manos Entrerrianas, Rondas de Negocio, Cuidadores de la Casa Com\u00fan, Impulso Cooperativo, Programa de Microcr\u00e9ditos con detalles de su previsi\u00f3n presupuestaria, alcance, nivel de ejecuci\u00f3n y planificaci\u00f3n anual. Asimismo se solicita conocer, en el caso de no haber sido aprobados para este a\u00f1o, los motivos de su discontinuidad.<\/p>\n<p>El bloque opositor requiere tambi\u00e9n que se informe sobre las acciones desarrolladas en materia de pol\u00edticas de econom\u00eda social \u201catendiendo al empeoramiento de las condiciones sociales y econ\u00f3micas y al aumento de desempleo que reflejan las mediciones oficiales y las de las instituciones acad\u00e9micas\u201d, detallando las transferencias del Estado Nacional -si existieran- destinadas a esas pol\u00edticas.<\/p>\n<p>En la iniciativa se se\u00f1ala que la sanci\u00f3n de la Ley de Econom\u00eda Social N\u00b0 10.151 permiti\u00f3 \u201cla aplicaci\u00f3n de pol\u00edticas p\u00fablicas orientadas a promover una econom\u00eda basada en las personas y en valores de igualdad, justicia e inclusi\u00f3n. Fue una de las leyes pioneras en el pa\u00eds que permiti\u00f3 un vasto desarrollo de la Econom\u00eda Social en todo el territorio entrerriano\u201d.<\/p>\n<p>\u201cAll\u00ed donde el mercado desintegra, las pol\u00edticas de econom\u00eda social integran a trav\u00e9s del trabajo, el cuidado de las personas y el ambiente. All\u00ed donde el mercado es ineficaz para prestar servicios, sostener demanda de productos o cubrir necesidades, los actores de econom\u00eda social y las comunidades trabajan diariamente para dar respuestas que permitan alcanzar una vida digna. Siendo el Estado el garante de estos derechos y las estrategias de econom\u00eda solidaria las que prevalecen en dichas instancias, es que se formula el presente pedido de informes a fin de conocer la ejecuci\u00f3n de las pol\u00edticas previstas en la normativa vigente\u201d, se\u00f1ala el texto.<\/p>\n<p>En el mismo sentido el bloque present\u00f3 un Proyecto de Resoluci\u00f3n instando al Ejecutivo Provincial a que instrumente las acciones necesarias para cumplimentar la ley N\u00ba 10.151 y para que formalice la integraci\u00f3n y funcionamiento del Consejo Provincial de las Organizaciones de la Econom\u00eda Social y Solidaria en Entre R\u00edos; adem\u00e1s de expresar la disconformidad con la ejecuci\u00f3n actual del Fondo de Financiamiento para la Promoci\u00f3n de la Econom\u00eda Social y Solidaria.<\/p>\n<p>&nbsp;<\/p>\n<p><strong>Situaci\u00f3n del INTI<\/strong><\/p>\n<p>Tambi\u00e9n se present\u00f3 un Proyecto de Resoluci\u00f3n instando al Ejecutivo provincial a gestionar ante la Naci\u00f3n la continuidad del funcionamiento del Instituto Nacional de Tecnolog\u00eda Industrial (INTI) en sus unidades de extensi\u00f3n de Paran\u00e1, Gualeguaych\u00fa y Concordia. \u201cSu cierre traer\u00eda como consecuencia una gran p\u00e9rdida para el desarrollo sustentable de la provincia en materia de innovaci\u00f3n, desarrollo tecnol\u00f3gico, formaci\u00f3n y certificaci\u00f3n de personas, procesos y productos\u201d, se\u00f1ala la iniciativa, que tambi\u00e9n manifiesta la preocupaci\u00f3n ante la intenci\u00f3n de la gesti\u00f3n del Presidente Javier Milei de disolver este organismo.<\/p>\n<p>Es un instituto Federal compuesto por 52 Centros de Investigaci\u00f3n y Desarrollo (la mayor\u00eda en Buenos Aires) y 25 Unidades de Extensi\u00f3n (que vinculan al entramado socio-productivo regional con toda la oferta tecnol\u00f3gica del INTI). Es adem\u00e1s el Instituto Nacional de Metrolog\u00eda, referente internacional en la materia y un actor clave en el \u00e1mbito cient\u00edfico, legal e industrial.<\/p>\n<p>Entre R\u00edos cuenta con tres sedes: Paran\u00e1, Concordia y Gualeguaych\u00fa. El INTI colabora en el desarrollo del \u00e1rea tur\u00edstica, en la econom\u00eda social, las pymes, los parques industriales de la provincia.<\/p>\n<p>El Presidente del Instituto Nacional de Tecnolog\u00eda Industrial, el ex ejecutivo de Toyota Daniel Afione, anunci\u00f3 que entre los meses de junio y julio prev\u00e9 avanzar en el despido del 30% de los trabajadores del organismo, y el cierre de 25 Unidades de Extensi\u00f3n, que se encuentran a lo largo y ancho del pa\u00eds, entre las que se encuentran en Entre R\u00edos: Paran\u00e1, Concordia y Gualeguaych\u00fa.<\/p>\n<p>Ninguna de las extensiones que pretenden cerrar en Entre R\u00edos comprende erogaci\u00f3n de gasto para el estado nacional en alquileres ya que ocupan espacios cedidos por municipios o la provincia\u00a0 y el recurso humano de las extensiones es de once personas. Dentro del personal que se intenta desvincular se encuentran licenciados industriales, en trabajo social, en administraci\u00f3n de empresas, en turismo, en sociolog\u00eda, ingenieros y bioingenieros, se indica en el proyecto.<\/p>\n","protected":false},"excerpt":{"rendered":"<p>El bloque de diputados \u201cM\u00e1s Para Entre R\u00edos\u201d present\u00f3 un Pedido de Informes al Poder Ejecutivo provincial. Entre otras cuestiones, requieren conocer el monto recibido por el Ministerio de Desarrollo Humano en concepto de utilidades del Iafas destinados a la Econom\u00eda Social desde el 10 de diciembre de 2023 a la fecha &nbsp; &nbsp; El bloque de diputados \u201cM\u00e1s Para Entre R\u00edos\u201d present\u00f3 un Pedido de Informes al Poder Ejecutivo provincial sobre el cumplimiento de disposiciones previstas en la Ley de Econom\u00eda Social N\u00b0 10.151 sancionada en 2012, que cre\u00f3&#8230;<\/p>\n","protected":false},"author":3,"featured_media":116278,"comment_status":"closed","ping_status":"closed","sticky":false,"template":"","format":"standard","meta":[],"categories":[15],"tags":[],"_links":{"self":[{"href":"https:\/\/www.actualidadadiario.com\/index.php\/wp-json\/wp\/v2\/posts\/116277"}],"collection":[{"href":"https:\/\/www.actualidadadiario.com\/index.php\/wp-json\/wp\/v2\/posts"}],"about":[{"href":"https:\/\/www.actualidadadiario.com\/index.php\/wp-json\/wp\/v2\/types\/post"}],"author":[{"embeddable":true,"href":"https:\/\/www.actualidadadiario.com\/index.php\/wp-json\/wp\/v2\/users\/3"}],"replies":[{"embeddable":true,"href":"https:\/\/www.actualidadadiario.com\/index.php\/wp-json\/wp\/v2\/comments?post=116277"}],"version-history":[{"count":1,"href":"https:\/\/www.actualidadadiario.com\/index.php\/wp-json\/wp\/v2\/posts\/116277\/revisions"}],"predecessor-version":[{"id":116279,"href":"https:\/\/www.actualidadadiario.com\/index.php\/wp-json\/wp\/v2\/posts\/116277\/revisions\/116279"}],"wp:featuredmedia":[{"embeddable":true,"href":"https:\/\/www.actualidadadiario.com\/index.php\/wp-json\/wp\/v2\/media\/116278"}],"wp:attachment":[{"href":"https:\/\/www.actualidadadiario.com\/index.php\/wp-json\/wp\/v2\/media?parent=116277"}],"wp:term":[{"taxonomy":"category","embeddable":true,"href":"https:\/\/www.actualidadadiario.com\/index.php\/wp-json\/wp\/v2\/categories?post=116277"},{"taxonomy":"post_tag","embeddable":true,"href":"https:\/\/www.actualidadadiario.com\/index.php\/wp-json\/wp\/v2\/tags?post=116277"}],"curies":[{"name":"wp","href":"https:\/\/api.w.org\/{rel}","templated":true}]}}