{"id":116274,"date":"2024-06-19T11:26:12","date_gmt":"2024-06-19T14:26:12","guid":{"rendered":"https:\/\/www.actualidadadiario.com\/?p=116274"},"modified":"2024-06-19T11:26:12","modified_gmt":"2024-06-19T14:26:12","slug":"el-gobierno-anuncio-el-inicio-de-reparaciones-en-50-escuelas-en-emergencia","status":"publish","type":"post","link":"https:\/\/www.actualidadadiario.com\/index.php\/2024\/06\/19\/el-gobierno-anuncio-el-inicio-de-reparaciones-en-50-escuelas-en-emergencia\/","title":{"rendered":"El Gobierno anunci\u00f3 el inicio de reparaciones en 50 escuelas en emergencia"},"content":{"rendered":"<p style=\"text-align: center;\"><em><strong>El gobernador Rogelio Frigerio anunci\u00f3 un Plan de Emergencia de Infraestructura Escolar que inicia con la reparaci\u00f3n de 50 establecimientos comprometidos en materia edilicia. Para ello, se trabaja en un censo para tener detalles del estado de las escuelas. La inversi\u00f3n ser\u00e1 de 200 millones de pesos mensuales<\/strong><\/em><\/p>\n<p>&nbsp;<\/p>\n<p>&nbsp;<\/p>\n<p>Al respecto, Frigerio sostuvo que &#8220;ahora que ordenamos la deuda y el desorden que encontramos en el \u00e1rea de Infraestructura, estamos generando un plan que arranca con las 50 escuelas en peor estado&#8221;, precis\u00f3 tras mencionar la visita que hizo en Gualeguay a una escuela donde las paredes se electrifican por problemas vinculados con la humedad.<\/p>\n<p>&#8220;Estamos poniendo a la educaci\u00f3n por encima de todo, donde siempre debi\u00f3 haber estado&#8221;, sostuvo, e indic\u00f3 que &#8220;no se puede mejorar lo que no se conoce. Para eso firm\u00e9 un decreto que instruye a realizar el primer censo de la infraestructura escolar de Entre R\u00edos&#8221;.<\/p>\n<p>Explic\u00f3 luego que &#8220;es el primer abordaje, las primeras 50 escuelas que vamos a abordar con este Plan de Emergencia. Despu\u00e9s vamos tambi\u00e9n a definir un plan que ya lo tenemos trabajado para todas las escuelas, para llegar a fin de a\u00f1o y al nuevo ciclo escolar de una manera distinta como tuvimos nosotros que recibir ese problema&#8221;, adelant\u00f3.<\/p>\n<p>El mandatario precis\u00f3 que se refaccionar\u00e1n &#8220;en esta primera etapa, las 50 escuelas que recibimos en un estado calamitoso, para que los chicos y los docentes tengan las condiciones que necesitan&#8221;, e indic\u00f3 que se invertir\u00e1 &#8220;un flujo de fondos de 200 millones de pesos por mes&#8221;.<\/p>\n<p>&#8220;No hay plata, es cierto, pero no hay plata porque todo este tiempo se usaron recursos en cosas superfluas, innecesarias, que no aportaban nada a la educaci\u00f3n de los entrerrianos. Entonces tenemos que ser muy racionales en el uso de los recursos&#8221;, insisti\u00f3.<\/p>\n<p>En ese marco, dio el ejemplo de las 300 adscripciones que actualmente se pagan de las 1300 que hab\u00eda, y del ahorro de 500 millones por mes que esto implic\u00f3. &#8220;Con esa plata imprimimos libros para el Plan Provincial de Alfabetizaci\u00f3n&#8221;, precis\u00f3.<\/p>\n<p>&nbsp;<\/p>\n<p><strong>Sobre el censo<\/strong><\/p>\n<p>Detall\u00f3 m\u00e1s adelante que &#8220;este primer censo digital es un paso fundamental para mejorar de ahora en m\u00e1s las condiciones de nuestras escuelas&#8221; porque &#8220;sin una red de escuelas en condiciones a lo largo y ancho de la provincia, no hay educaci\u00f3n p\u00fablica de calidad ni igualdad en el acceso a la educaci\u00f3n&#8221;, remarc\u00f3.<\/p>\n<p>Explic\u00f3 que el objetivo de este censo es &#8220;generar m\u00e9tricas precisas para contar con un conocimiento detallado y real del estado de todas las instalaciones educativas en la provincia, y sistematizar los datos cuantitativos y cualitativos relevantes para tomar decisiones estrat\u00e9gicas que les aseguren a nuestros chicos y a nuestros docentes un entorno adecuado y seguro&#8221;.<\/p>\n<p>Este trabajo se hace en cooperaci\u00f3n con el Consejo General de Educaci\u00f3n, la Direcci\u00f3n de Estad\u00edstica y Censo, el Ministerio de Planeamiento, la Unidad Ejecutora Provincial (UEP), la Comisi\u00f3n Administradora para el Fondo Especial de Salto Grande (Cafesg), los gobiernos locales y los directivos de instituciones educativas. Tambi\u00e9n nos vamos a reunir con colegios profesionales y universidades para que puedan aportar su mirada, su conocimiento y experiencia en este censo&#8221;, acot\u00f3.<\/p>\n","protected":false},"excerpt":{"rendered":"<p>El gobernador Rogelio Frigerio anunci\u00f3 un Plan de Emergencia de Infraestructura Escolar que inicia con la reparaci\u00f3n de 50 establecimientos comprometidos en materia edilicia. Para ello, se trabaja en un censo para tener detalles del estado de las escuelas. La inversi\u00f3n ser\u00e1 de 200 millones de pesos mensuales &nbsp; &nbsp; Al respecto, Frigerio sostuvo que &#8220;ahora que ordenamos la deuda y el desorden que encontramos en el \u00e1rea de Infraestructura, estamos generando un plan que arranca con las 50 escuelas en peor estado&#8221;, precis\u00f3 tras mencionar la visita que hizo&#8230;<\/p>\n","protected":false},"author":3,"featured_media":116275,"comment_status":"closed","ping_status":"closed","sticky":false,"template":"","format":"standard","meta":[],"categories":[15],"tags":[],"_links":{"self":[{"href":"https:\/\/www.actualidadadiario.com\/index.php\/wp-json\/wp\/v2\/posts\/116274"}],"collection":[{"href":"https:\/\/www.actualidadadiario.com\/index.php\/wp-json\/wp\/v2\/posts"}],"about":[{"href":"https:\/\/www.actualidadadiario.com\/index.php\/wp-json\/wp\/v2\/types\/post"}],"author":[{"embeddable":true,"href":"https:\/\/www.actualidadadiario.com\/index.php\/wp-json\/wp\/v2\/users\/3"}],"replies":[{"embeddable":true,"href":"https:\/\/www.actualidadadiario.com\/index.php\/wp-json\/wp\/v2\/comments?post=116274"}],"version-history":[{"count":1,"href":"https:\/\/www.actualidadadiario.com\/index.php\/wp-json\/wp\/v2\/posts\/116274\/revisions"}],"predecessor-version":[{"id":116276,"href":"https:\/\/www.actualidadadiario.com\/index.php\/wp-json\/wp\/v2\/posts\/116274\/revisions\/116276"}],"wp:featuredmedia":[{"embeddable":true,"href":"https:\/\/www.actualidadadiario.com\/index.php\/wp-json\/wp\/v2\/media\/116275"}],"wp:attachment":[{"href":"https:\/\/www.actualidadadiario.com\/index.php\/wp-json\/wp\/v2\/media?parent=116274"}],"wp:term":[{"taxonomy":"category","embeddable":true,"href":"https:\/\/www.actualidadadiario.com\/index.php\/wp-json\/wp\/v2\/categories?post=116274"},{"taxonomy":"post_tag","embeddable":true,"href":"https:\/\/www.actualidadadiario.com\/index.php\/wp-json\/wp\/v2\/tags?post=116274"}],"curies":[{"name":"wp","href":"https:\/\/api.w.org\/{rel}","templated":true}]}}