{"id":116272,"date":"2024-06-19T11:24:53","date_gmt":"2024-06-19T14:24:53","guid":{"rendered":"https:\/\/www.actualidadadiario.com\/?p=116272"},"modified":"2024-06-19T11:24:53","modified_gmt":"2024-06-19T14:24:53","slug":"mejora-el-turismo-en-la-provincia-en-el-segundo-fin-de-semana-largo","status":"publish","type":"post","link":"https:\/\/www.actualidadadiario.com\/index.php\/2024\/06\/19\/mejora-el-turismo-en-la-provincia-en-el-segundo-fin-de-semana-largo\/","title":{"rendered":"Mejora el turismo en la provincia en el segundo fin de semana largo"},"content":{"rendered":"<p style=\"text-align: center;\"><em><strong>El secretario de Turismo de Entre R\u00edos, Jorge Satto, dijo que la provincia \u201ctiene algunas ventajas comparativas en momentos de crisis, donde se tratan de evitar los viajes largos\u201d<\/strong><\/em><\/p>\n<p>&nbsp;<\/p>\n<p>&nbsp;<\/p>\n<p>Satto manifest\u00f3 que el fin de semana del D\u00eda del Padre tuvo un ingreso discreto, y ahora las reservas logran mayores niveles, alcanzando en algunos lugares, a la fecha, un 80 % de ocupaci\u00f3n hotelera.<\/p>\n<p>\u201cHay que trabajar en calidad del servicio, en prestaci\u00f3n, atenci\u00f3n y much\u00edsimas cosas, algunas tienen que ver con el esfuerzo privado y otras con el p\u00fablico para poder hacer del turismo, una actividad pujante y econ\u00f3mica, para dar trabajo y mejora en general\u201d, remarc\u00f3 Satto.<\/p>\n<p>El funcionario calific\u00f3 el fin de semana pasado como \u201crazonablemente discreto\u201d, con un 50% en promedio de ocupaci\u00f3n en algunos lugares consolidados como tur\u00edsticos. \u201cEra razonable entender que no iba a haber demasiada ocupaci\u00f3n, considerando que dos d\u00edas despu\u00e9s, ven\u00eda un fin de semana s\u00faper largo\u201d, explic\u00f3.<\/p>\n<p>En otro orden, adelant\u00f3 que desde provincia se trabajan en pol\u00edticas para instalar a Entre R\u00edos como atractivo tur\u00edstico en la temporada de invierno, donde se espera que adem\u00e1s del turismo interno, se sumen los turistas uruguayos desde el 1 de julio, fecha en la que inician sus vacaciones, y d\u00edas despu\u00e9s, el turismo proveniente de las otras provincias argentinas, tambi\u00e9n por receso invernal. \u201cApuntamos a esos 50 d\u00edas, haciendo im\u00e1genes, videos y propuestas publicitarias muy fuertes. Tenemos una expectativa muy buena\u201d, cont\u00f3, public\u00f3 Radio M\u00e1xima.<\/p>\n","protected":false},"excerpt":{"rendered":"<p>El secretario de Turismo de Entre R\u00edos, Jorge Satto, dijo que la provincia \u201ctiene algunas ventajas comparativas en momentos de crisis, donde se tratan de evitar los viajes largos\u201d &nbsp; &nbsp; Satto manifest\u00f3 que el fin de semana del D\u00eda del Padre tuvo un ingreso discreto, y ahora las reservas logran mayores niveles, alcanzando en algunos lugares, a la fecha, un 80 % de ocupaci\u00f3n hotelera. \u201cHay que trabajar en calidad del servicio, en prestaci\u00f3n, atenci\u00f3n y much\u00edsimas cosas, algunas tienen que ver con el esfuerzo privado y otras con&#8230;<\/p>\n","protected":false},"author":3,"featured_media":97988,"comment_status":"closed","ping_status":"closed","sticky":false,"template":"","format":"standard","meta":[],"categories":[15],"tags":[],"_links":{"self":[{"href":"https:\/\/www.actualidadadiario.com\/index.php\/wp-json\/wp\/v2\/posts\/116272"}],"collection":[{"href":"https:\/\/www.actualidadadiario.com\/index.php\/wp-json\/wp\/v2\/posts"}],"about":[{"href":"https:\/\/www.actualidadadiario.com\/index.php\/wp-json\/wp\/v2\/types\/post"}],"author":[{"embeddable":true,"href":"https:\/\/www.actualidadadiario.com\/index.php\/wp-json\/wp\/v2\/users\/3"}],"replies":[{"embeddable":true,"href":"https:\/\/www.actualidadadiario.com\/index.php\/wp-json\/wp\/v2\/comments?post=116272"}],"version-history":[{"count":1,"href":"https:\/\/www.actualidadadiario.com\/index.php\/wp-json\/wp\/v2\/posts\/116272\/revisions"}],"predecessor-version":[{"id":116273,"href":"https:\/\/www.actualidadadiario.com\/index.php\/wp-json\/wp\/v2\/posts\/116272\/revisions\/116273"}],"wp:featuredmedia":[{"embeddable":true,"href":"https:\/\/www.actualidadadiario.com\/index.php\/wp-json\/wp\/v2\/media\/97988"}],"wp:attachment":[{"href":"https:\/\/www.actualidadadiario.com\/index.php\/wp-json\/wp\/v2\/media?parent=116272"}],"wp:term":[{"taxonomy":"category","embeddable":true,"href":"https:\/\/www.actualidadadiario.com\/index.php\/wp-json\/wp\/v2\/categories?post=116272"},{"taxonomy":"post_tag","embeddable":true,"href":"https:\/\/www.actualidadadiario.com\/index.php\/wp-json\/wp\/v2\/tags?post=116272"}],"curies":[{"name":"wp","href":"https:\/\/api.w.org\/{rel}","templated":true}]}}