{"id":116264,"date":"2024-06-19T11:22:03","date_gmt":"2024-06-19T14:22:03","guid":{"rendered":"https:\/\/www.actualidadadiario.com\/?p=116264"},"modified":"2024-06-19T11:22:03","modified_gmt":"2024-06-19T14:22:03","slug":"frigerio-a-los-seis-meses-de-gestion-aun-sin-recursos-estamos-poniendo-en-marcha-el-cambio-que-eligieron-los-entrerrianos","status":"publish","type":"post","link":"https:\/\/www.actualidadadiario.com\/index.php\/2024\/06\/19\/frigerio-a-los-seis-meses-de-gestion-aun-sin-recursos-estamos-poniendo-en-marcha-el-cambio-que-eligieron-los-entrerrianos\/","title":{"rendered":"Frigerio, a los seis meses de gesti\u00f3n: \u00abA\u00fan sin recursos, estamos poniendo en marcha el cambio que eligieron los entrerrianos\u00bb"},"content":{"rendered":"<p style=\"text-align: center;\"><em><strong>La atenci\u00f3n de la emergencia, el ordenamiento de las cuentas p\u00fablicas, las iniciativas en materia de modernizaci\u00f3n y transparencia, y el reinicio de la obra p\u00fablica fueron los principales puntos resaltados por el gobernador Rogelio Frigerio en relaci\u00f3n a sus primeros seis meses de gesti\u00f3n<\/strong><\/em><\/p>\n<p>&nbsp;<\/p>\n<p>&nbsp;<\/p>\n<p>Durante la jornada de trabajo que mantuvo con el intendente de Concordia, Francisco Azcu\u00e9, y su gabinete, el mandatario hizo hincapi\u00e9 en el dif\u00edcil contexto en el que le toca conducir la provincia: \u00abClaramente estamos atravesando la peor crisis de estos 40 a\u00f1os de democracia. Los indicadores sociales y econ\u00f3micos as\u00ed lo especifican\u00bb, subray\u00f3.<\/p>\n<p>Mencion\u00f3 el desorden y la complejidad en que se encontraba la provincia a nivel fiscal y financiero, lo que oblig\u00f3 a las autoridades a llevar adelante un intenso trabajo de ordenamiento: \u00abEncaramos un proceso de austeridad en el manejo de las cuentas p\u00fablicas nunca antes visto en nuestra provincia. Cuidamos cada peso que ingresa al Estado\u00bb.<\/p>\n<p>En ese sentido, enumer\u00f3 acciones como la reducci\u00f3n de la planta pol\u00edtica, el redireccionamiento de autos oficiales a la Polic\u00eda de Entre R\u00edos, el ahorro en la Caja de Jubilaciones y la dr\u00e1stica reducci\u00f3n de adscripciones y transferencias a planta permanente. \u00abEstamos revirtiendo la desidia que encontramos para sanear las cuentas p\u00fablicas provinciales como una base de largada para empezar a poner en marcha las transformaciones que necesitamos para generar desarrollo\u00bb.<\/p>\n<p>\u00abEstuvimos meses gestionando el desorden que encontramos en la obra p\u00fablica, con casi 30 mil millones de pesos de deuda. Logramos, con much\u00edsimo trabajo y un gran esfuerzo de nuestro equipo, acordar con cada una de las empresas contratistas del Estado un plan de pagos con el que podemos cumplir. De esta manera, pudimos empezar a retomar, como ya lo vieron, algunas obras claves que necesita nuestra provincia en t\u00e9rminos de infraestructura para dar respuesta a la gente\u00bb, destac\u00f3 el gobernador.<\/p>\n<p>Sum\u00f3, a estos ejemplos, las demandas hist\u00f3ricas que llev\u00f3 adelante el gobierno provincial ante la Corte Suprema de Justicia de la Naci\u00f3n por los fondos previsionales que se adeudan a Entre R\u00edos y los pagos de regal\u00edas y excedentes de la represa hidroel\u00e9ctrica de Salto Grande.<\/p>\n<p>Adem\u00e1s, destac\u00f3 la tarea realizada en materia de modernizaci\u00f3n y transparencia, como el env\u00edo de los proyectos de ley de Acceso a la Informaci\u00f3n P\u00fablica, de R\u00e9gimen Legal de Transparencia y \u00c9tica de la Funci\u00f3n P\u00fablica y de Transici\u00f3n de Gobierno, \u00abpara que el gobierno que nos suceda no tenga que pasar por los mismos problemas que tuvimos que pasar nosotros\u00bb.<\/p>\n","protected":false},"excerpt":{"rendered":"<p>La atenci\u00f3n de la emergencia, el ordenamiento de las cuentas p\u00fablicas, las iniciativas en materia de modernizaci\u00f3n y transparencia, y el reinicio de la obra p\u00fablica fueron los principales puntos resaltados por el gobernador Rogelio Frigerio en relaci\u00f3n a sus primeros seis meses de gesti\u00f3n &nbsp; &nbsp; Durante la jornada de trabajo que mantuvo con el intendente de Concordia, Francisco Azcu\u00e9, y su gabinete, el mandatario hizo hincapi\u00e9 en el dif\u00edcil contexto en el que le toca conducir la provincia: \u00abClaramente estamos atravesando la peor crisis de estos 40 a\u00f1os&#8230;<\/p>\n","protected":false},"author":3,"featured_media":116265,"comment_status":"closed","ping_status":"closed","sticky":false,"template":"","format":"standard","meta":[],"categories":[9],"tags":[],"_links":{"self":[{"href":"https:\/\/www.actualidadadiario.com\/index.php\/wp-json\/wp\/v2\/posts\/116264"}],"collection":[{"href":"https:\/\/www.actualidadadiario.com\/index.php\/wp-json\/wp\/v2\/posts"}],"about":[{"href":"https:\/\/www.actualidadadiario.com\/index.php\/wp-json\/wp\/v2\/types\/post"}],"author":[{"embeddable":true,"href":"https:\/\/www.actualidadadiario.com\/index.php\/wp-json\/wp\/v2\/users\/3"}],"replies":[{"embeddable":true,"href":"https:\/\/www.actualidadadiario.com\/index.php\/wp-json\/wp\/v2\/comments?post=116264"}],"version-history":[{"count":1,"href":"https:\/\/www.actualidadadiario.com\/index.php\/wp-json\/wp\/v2\/posts\/116264\/revisions"}],"predecessor-version":[{"id":116266,"href":"https:\/\/www.actualidadadiario.com\/index.php\/wp-json\/wp\/v2\/posts\/116264\/revisions\/116266"}],"wp:featuredmedia":[{"embeddable":true,"href":"https:\/\/www.actualidadadiario.com\/index.php\/wp-json\/wp\/v2\/media\/116265"}],"wp:attachment":[{"href":"https:\/\/www.actualidadadiario.com\/index.php\/wp-json\/wp\/v2\/media?parent=116264"}],"wp:term":[{"taxonomy":"category","embeddable":true,"href":"https:\/\/www.actualidadadiario.com\/index.php\/wp-json\/wp\/v2\/categories?post=116264"},{"taxonomy":"post_tag","embeddable":true,"href":"https:\/\/www.actualidadadiario.com\/index.php\/wp-json\/wp\/v2\/tags?post=116264"}],"curies":[{"name":"wp","href":"https:\/\/api.w.org\/{rel}","templated":true}]}}