{"id":116261,"date":"2024-06-18T12:50:54","date_gmt":"2024-06-18T15:50:54","guid":{"rendered":"https:\/\/www.actualidadadiario.com\/?p=116261"},"modified":"2024-06-18T12:50:54","modified_gmt":"2024-06-18T15:50:54","slug":"desaparicion-de-loan-pena-en-corrientes-donde-lo-vieron-por-ultima-vez-y-todo-lo-que-se-sabe-hasta-ahora","status":"publish","type":"post","link":"https:\/\/www.actualidadadiario.com\/index.php\/2024\/06\/18\/desaparicion-de-loan-pena-en-corrientes-donde-lo-vieron-por-ultima-vez-y-todo-lo-que-se-sabe-hasta-ahora\/","title":{"rendered":"Desaparici\u00f3n de Loan Pe\u00f1a en Corrientes: d\u00f3nde lo vieron por \u00faltima vez y todo lo que se sabe hasta ahora"},"content":{"rendered":"<p style=\"text-align: center;\"><em><strong>Hay tres imputados por el delito de &#8220;abandono de persona&#8221;. Las autoridades encontraron varios elementos que podr\u00edan corresponder al nene de cinco a\u00f1os, desaparecido desde el jueves. C\u00f3mo avanza la investigaci\u00f3n este martes<\/strong><\/em><\/p>\n<p>&nbsp;<\/p>\n<p>&nbsp;<\/p>\n<p>Corrientes est\u00e1 en vilo por la desaparici\u00f3n de un ni\u00f1o de cinco a\u00f1os. Se trata de Loan Danilo Pe\u00f1a, quien fue visto por \u00faltima vez el jueves 13 de junio en el paraje Algarrobal de la localidad de 9 de Julio. Estaba de visita en la casa de su abuela, cuando \u2014seg\u00fan afirman sus familiares\u2014 hab\u00eda salido a buscar naranjas con sus primos durante la hora de la siesta.<\/p>\n<p>Desde que se alert\u00f3 a las autoridades sobre su desaparici\u00f3n, se dio inicio a un gran operativo de b\u00fasqueda, junto a la activaci\u00f3n del Programa Alerta Sof\u00eda. Hasta el momento se encontraron elementos clave que podr\u00edan dar pistas del paradero de Loan. La polic\u00eda provincial imput\u00f3 a tres personas, detenidas por el delito de &#8220;abandono de persona&#8221;.<\/p>\n<p>&nbsp;<\/p>\n<p><strong>La desaparici\u00f3n<\/strong><\/p>\n<p>Loan Danilo Pe\u00f1a fue visto por \u00faltima vez en el paraje Algarrobal. El ni\u00f1o mide 0,90 metros de estatura, pesa 26 kilos, tiene tez trigue\u00f1a, cabello casta\u00f1o oscuro y ojos marrones. Adem\u00e1s, posee una cicatriz en la cabeza, justo donde tiene un remolino. Al momento de la desaparici\u00f3n, usaba una remera de f\u00fatbol negra, un pantal\u00f3n y unos botines.<\/p>\n<p>El ni\u00f1o habr\u00eda salido alrededor de las 15 del jueves de la semana pasada junto a sus primos a buscar naranjas. Seg\u00fan una de las versiones, sus primos regresaron antes del atardecer pero sin Loan, y le comunicaron al padre del peque\u00f1o que se les habr\u00eda adelantado. Al ver que el nene no llegaba, decidieron salir a buscarlo.<\/p>\n<p>Ese jueves, el ni\u00f1o no hab\u00eda tenido clases y, por ese motivo, fue con su padre a visitar a su abuela al campo. All\u00ed fue cuando aprovech\u00f3 junto a sus primos para salir a recolectar frutas a la hora de la siesta y habr\u00edan llegado a una casa abandonada.<\/p>\n<p>&nbsp;<\/p>\n<p><strong>Operativo de b\u00fasqueda<\/strong><\/p>\n<p>Desde que se alert\u00f3 sobre su desaparici\u00f3n, el ministro de Seguridad de Corrientes, Buenaventura Duarte, lleva a cabo un gran operativo de b\u00fasqueda con efectivos del Ej\u00e9rcito, la Gendarmer\u00eda y la Polic\u00eda Federal, adem\u00e1s de perros, drones, un helic\u00f3ptero, dos aviones, parapentes y agentes de diversas provincias.<\/p>\n<p>Seg\u00fan afirm\u00f3, pese a que ya pasaron m\u00e1s de 72 horas desde su desaparici\u00f3n, seguir\u00e1n buscando al menor &#8220;hasta que el fiscal diga basta&#8221;.<\/p>\n<p>El Ministerio de Seguridad de la Naci\u00f3n, en conjunto con el Sistema Federal de B\u00fasquedas de Personas Desaparecidas y Extraviadas (SIFEBU), activ\u00f3 el Programa Alerta Sof\u00eda para iniciar las tareas de b\u00fasqueda con el objetivo de dar con el paradero del menor.<\/p>\n<p>Asimismo, m\u00e1s de 600 personas participan activamente de la b\u00fasqueda de Loan. El SIFEBU ofrece una recompensa de 5 millones de pesos para todo aquel que aporte datos certeros de d\u00f3nde podr\u00eda estar Loan. Asimismo, Interpol anunci\u00f3 un alerta amarilla para los pa\u00edses lim\u00edtrofes.<\/p>\n<p>En las \u00faltimas horas, Duarte adelant\u00f3 que organizar\u00eda &#8220;un rastrillaje en la Estancia La Laguna&#8221; con la colaboraci\u00f3n de &#8220;600 efectivos&#8221;. &#8220;Va a ser un trabajo intenso durante todo el d\u00eda donde esperamos encontrar al menor&#8221;, asegur\u00f3.<\/p>\n<p>Este martes, efectivos policiales realizan un rastrillaje en un pozo hallado a unos cien metros de la casa de la abuela del nene. All\u00ed trabajan efectivos junto a la unidad canina.<\/p>\n<p>Qui\u00e9nes son los detenidos<\/p>\n<p>Duarte consign\u00f3 que el jefe de Polic\u00eda provincial, Armando Molina, imput\u00f3 al t\u00edo de Loan &#8211;cu\u00f1ado del pap\u00e1 del menor&#8211; y dos personas m\u00e1s, pareja entre s\u00ed, por &#8220;abandono de persona&#8221;, ya que permitieron que el menor diera un paseo sin la autorizaci\u00f3n de su padre.<\/p>\n<p>&#8220;Se demor\u00f3 a tres personas, que fueron los \u00faltimos que vieron al chico y estuvieron en un almuerzo por el d\u00eda de San Antonio&#8221;, expres\u00f3 Buenaventura a medios locales.<\/p>\n<p>&#8220;Eran garantes del cuidado del menor. Se determin\u00f3 esta calificaci\u00f3n por el testimonio del pap\u00e1 que fue indagado en las \u00faltimas horas&#8221;, detall\u00f3.<\/p>\n<p>Asimismo, el funcionario se\u00f1al\u00f3 que los tres menores que estaban junto a Loan fueron peritados en la C\u00e1mara Gesell: &#8220;El resultado es que el nene se fue solo a un lugar distinto cuando volv\u00eda a la casa de su abuela y all\u00ed se perdi\u00f3&#8221;.<\/p>\n<p>En una de las jornadas m\u00e1s determinantes del caso, tanto el ministro de Seguridad, como el Jefe de la Polic\u00eda, destacaron que el menor de 5 a\u00f1os se habr\u00eda ido solo y que no sabe regresar a la casa de su abuela &#8220;ya que era la primera vez que iba&#8221;.<\/p>\n<p>Sobre los detenidos, Molina precis\u00f3: &#8220;La mujer es ama de casa y su pareja empleado de una empresa, que ahora estaba de licencia. El otro es un changar\u00edn. Alguno tendr\u00eda antecedentes por el delito de abigeato (robo o hurto de ganado o animales dom\u00e9sticos)&#8221;.<\/p>\n<p>&nbsp;<\/p>\n<p><strong>Hallazgos clave<\/strong><\/p>\n<p>La desesperante b\u00fasqueda de Loan Danilo Pe\u00f1a sum\u00f3 un nuevo episodio esta semana. En medio del operativo nocturno de este lunes para encontrar al menor, se hallaron posibles rastros de sangre y una naranja pelada. Se tratan de elementos clave para la causa que investiga su desaparici\u00f3n.<\/p>\n<p>Durante el rastrillaje tambi\u00e9n se encontraron otros elementos importantes para la causa. Por ejemplo, una zapatilla, materia fecal, 10 huellas de pies y v\u00f3mitos. El hallazgo de la zapatilla fue resultado de los testimonios de los primos de Loan: &#8220;Cuando fuimos hasta el lugar indicado por los chicos, a 2 o 3 kil\u00f3metros de donde vive la abuela, logramos hallar la zapatilla del menor y los padres la reconocieron&#8221;.<\/p>\n<p>Con los nuevos rastros encontrados durante los peritajes, el abogado de la familia de Loan, Roberto M\u00e9ndez, dio a conocer algunos detalles respecto a c\u00f3mo est\u00e1 la causa.<\/p>\n<p>\u201cNo quiero entorpecer la investigaci\u00f3n, pero est\u00e1n apareciendo algunas huellas e indicios de que podr\u00eda, por lo menos hasta hace algunas horas, estar con vida\u201d, detall\u00f3.<\/p>\n<p>M\u00e9ndez describi\u00f3 en declaraciones radiales el arduo trabajo que se lleva a cabo desde hace cinco d\u00edas, y se\u00f1al\u00f3: &#8220;Lo m\u00e1s exhaustivo lo hacen durante el d\u00eda, como para tener una buena visibilidad de todo, y a la noche se sigue trabajando, pero de manera m\u00e1s cautelosa&#8221;.<\/p>\n<p>Acerca de cu\u00e1ndo podr\u00eda finalizar el enorme operativo, el abogado respondi\u00f3: \u201cDepende directamente de Naci\u00f3n y despu\u00e9s es lo que la Polic\u00eda de Corrientes pueda continuar, pero ya va a ser m\u00e1s limitado, porque se va a hacer con los recursos provinciales\u201d.<\/p>\n<p>Sobre las detenciones e imputaciones, destac\u00f3: \u201cAl momento de las declaraciones que ellos le dieron al pap\u00e1 de Loan, con las que dieron ante la autoridad policial, hubo inconsistencia y contradicciones, eso es lo que llev\u00f3 a la decisi\u00f3n del fiscal\u201d.<\/p>\n","protected":false},"excerpt":{"rendered":"<p>Hay tres imputados por el delito de &#8220;abandono de persona&#8221;. Las autoridades encontraron varios elementos que podr\u00edan corresponder al nene de cinco a\u00f1os, desaparecido desde el jueves. C\u00f3mo avanza la investigaci\u00f3n este martes &nbsp; &nbsp; Corrientes est\u00e1 en vilo por la desaparici\u00f3n de un ni\u00f1o de cinco a\u00f1os. Se trata de Loan Danilo Pe\u00f1a, quien fue visto por \u00faltima vez el jueves 13 de junio en el paraje Algarrobal de la localidad de 9 de Julio. Estaba de visita en la casa de su abuela, cuando \u2014seg\u00fan afirman sus familiares\u2014&#8230;<\/p>\n","protected":false},"author":3,"featured_media":116262,"comment_status":"closed","ping_status":"closed","sticky":false,"template":"","format":"standard","meta":[],"categories":[4],"tags":[],"_links":{"self":[{"href":"https:\/\/www.actualidadadiario.com\/index.php\/wp-json\/wp\/v2\/posts\/116261"}],"collection":[{"href":"https:\/\/www.actualidadadiario.com\/index.php\/wp-json\/wp\/v2\/posts"}],"about":[{"href":"https:\/\/www.actualidadadiario.com\/index.php\/wp-json\/wp\/v2\/types\/post"}],"author":[{"embeddable":true,"href":"https:\/\/www.actualidadadiario.com\/index.php\/wp-json\/wp\/v2\/users\/3"}],"replies":[{"embeddable":true,"href":"https:\/\/www.actualidadadiario.com\/index.php\/wp-json\/wp\/v2\/comments?post=116261"}],"version-history":[{"count":1,"href":"https:\/\/www.actualidadadiario.com\/index.php\/wp-json\/wp\/v2\/posts\/116261\/revisions"}],"predecessor-version":[{"id":116263,"href":"https:\/\/www.actualidadadiario.com\/index.php\/wp-json\/wp\/v2\/posts\/116261\/revisions\/116263"}],"wp:featuredmedia":[{"embeddable":true,"href":"https:\/\/www.actualidadadiario.com\/index.php\/wp-json\/wp\/v2\/media\/116262"}],"wp:attachment":[{"href":"https:\/\/www.actualidadadiario.com\/index.php\/wp-json\/wp\/v2\/media?parent=116261"}],"wp:term":[{"taxonomy":"category","embeddable":true,"href":"https:\/\/www.actualidadadiario.com\/index.php\/wp-json\/wp\/v2\/categories?post=116261"},{"taxonomy":"post_tag","embeddable":true,"href":"https:\/\/www.actualidadadiario.com\/index.php\/wp-json\/wp\/v2\/tags?post=116261"}],"curies":[{"name":"wp","href":"https:\/\/api.w.org\/{rel}","templated":true}]}}