{"id":116245,"date":"2024-06-18T12:30:52","date_gmt":"2024-06-18T15:30:52","guid":{"rendered":"https:\/\/www.actualidadadiario.com\/?p=116245"},"modified":"2024-06-18T12:30:52","modified_gmt":"2024-06-18T15:30:52","slug":"milei-encabezara-un-acto-en-rosario-en-el-dia-de-la-bandera","status":"publish","type":"post","link":"https:\/\/www.actualidadadiario.com\/index.php\/2024\/06\/18\/milei-encabezara-un-acto-en-rosario-en-el-dia-de-la-bandera\/","title":{"rendered":"Milei encabezar\u00e1 un acto en Rosario en el D\u00eda de la Bandera"},"content":{"rendered":"<p style=\"text-align: center;\"><em><strong>El mandatario viajar\u00e1 a la provincia de Santa Fe para conmemorar la fecha patria<\/strong><\/em><\/p>\n<p>&nbsp;<\/p>\n<p>&nbsp;<\/p>\n<p>El presidente Javier Milei viajar\u00e1 el pr\u00f3ximo jueves a la provincia de Santa Fe para conmemorar el 204\u00ba aniversario del paso a la inmortalidad del general Manuel Belgrano. Desde el hist\u00f3rico Monumento a la Bandera ubicado en la ciudad de Rosario, el mandatario encabezar\u00e1 el acto patrio.<\/p>\n<p>A trav\u00e9s de una breve comunicaci\u00f3n, la Oficina del Presidente public\u00f3 en sus redes sociales la actividad. \u201cEl Presidente Javier Milei celebrar\u00e1 el D\u00eda de la Bandera este 20 de junio en el Monumento a la Bandera, en la ciudad de Rosario\u201d, reza el mensaje de invitaci\u00f3n.<\/p>\n<p>Lo cierto es el jefe de Estado decidi\u00f3 acortar su viaje por Italia y Suiza con intenci\u00f3n de estar presenten en el pa\u00eds para las celebraciones patrias del 17 de junio (el paso a la inmortalidad de General Don Mart\u00edn Miguel de G\u00fcemes), y el 20 del mes (el paso a la Inmortalidad del General Manuel Belgrano).<\/p>\n<p>Seg\u00fan inform\u00f3 el diario local La Capital, las entidades y asociaciones de Rosario convocaron a Milei,\u00a0 al intendente, Pablo Javkin, y al gobernador, Maximiliano Pullaro a participar del acto que se realiza en el Monumento a la Bandera.<\/p>\n<p>\u00abCelebremos al hombre, al pr\u00f3cer y a nuestra bandera nacional, s\u00edmbolo de uni\u00f3n e identidad\u00bb, indicaron en un comunicado desde Valor Rosario, Foro Regional Rosario, Sociedad Rural de Rosario, Asociaci\u00f3n Rosarina de Entidades Deportivas Amateurs (Areda), Fundaci\u00f3n Apertura, Asociaci\u00f3n Pro Rosario y Movimiento Nacional Pyme (Monapy).<\/p>\n<p>En la previa al acto que tendr\u00e1 lugar el pr\u00f3ximo 20 de junio, de 12 a 18, la Municipalidad de Rosario inform\u00f3 que la entrada al evento es gratuita y que adem\u00e1s habr\u00e1 concursos gastron\u00f3micos, ferias, un espacio para las infancias, zonas de baile y m\u00fasica en vivo.<\/p>\n<p>De esta forma, el presidente volver\u00e1 a la ciudad luego de haber viajado el pasado 14 de noviembre, en plena campa\u00f1a presidencial, antes de protagonizar el balotaje con Sergio Massa.<\/p>\n","protected":false},"excerpt":{"rendered":"<p>El mandatario viajar\u00e1 a la provincia de Santa Fe para conmemorar la fecha patria &nbsp; &nbsp; El presidente Javier Milei viajar\u00e1 el pr\u00f3ximo jueves a la provincia de Santa Fe para conmemorar el 204\u00ba aniversario del paso a la inmortalidad del general Manuel Belgrano. Desde el hist\u00f3rico Monumento a la Bandera ubicado en la ciudad de Rosario, el mandatario encabezar\u00e1 el acto patrio. A trav\u00e9s de una breve comunicaci\u00f3n, la Oficina del Presidente public\u00f3 en sus redes sociales la actividad. \u201cEl Presidente Javier Milei celebrar\u00e1 el D\u00eda de la Bandera&#8230;<\/p>\n","protected":false},"author":3,"featured_media":116246,"comment_status":"closed","ping_status":"closed","sticky":false,"template":"","format":"standard","meta":[],"categories":[18],"tags":[],"_links":{"self":[{"href":"https:\/\/www.actualidadadiario.com\/index.php\/wp-json\/wp\/v2\/posts\/116245"}],"collection":[{"href":"https:\/\/www.actualidadadiario.com\/index.php\/wp-json\/wp\/v2\/posts"}],"about":[{"href":"https:\/\/www.actualidadadiario.com\/index.php\/wp-json\/wp\/v2\/types\/post"}],"author":[{"embeddable":true,"href":"https:\/\/www.actualidadadiario.com\/index.php\/wp-json\/wp\/v2\/users\/3"}],"replies":[{"embeddable":true,"href":"https:\/\/www.actualidadadiario.com\/index.php\/wp-json\/wp\/v2\/comments?post=116245"}],"version-history":[{"count":1,"href":"https:\/\/www.actualidadadiario.com\/index.php\/wp-json\/wp\/v2\/posts\/116245\/revisions"}],"predecessor-version":[{"id":116247,"href":"https:\/\/www.actualidadadiario.com\/index.php\/wp-json\/wp\/v2\/posts\/116245\/revisions\/116247"}],"wp:featuredmedia":[{"embeddable":true,"href":"https:\/\/www.actualidadadiario.com\/index.php\/wp-json\/wp\/v2\/media\/116246"}],"wp:attachment":[{"href":"https:\/\/www.actualidadadiario.com\/index.php\/wp-json\/wp\/v2\/media?parent=116245"}],"wp:term":[{"taxonomy":"category","embeddable":true,"href":"https:\/\/www.actualidadadiario.com\/index.php\/wp-json\/wp\/v2\/categories?post=116245"},{"taxonomy":"post_tag","embeddable":true,"href":"https:\/\/www.actualidadadiario.com\/index.php\/wp-json\/wp\/v2\/tags?post=116245"}],"curies":[{"name":"wp","href":"https:\/\/api.w.org\/{rel}","templated":true}]}}