{"id":116243,"date":"2024-06-18T12:29:55","date_gmt":"2024-06-18T15:29:55","guid":{"rendered":"https:\/\/www.actualidadadiario.com\/?p=116243"},"modified":"2024-06-18T12:29:55","modified_gmt":"2024-06-18T15:29:55","slug":"adorni-confirmo-que-telam-y-los-medios-publicos-pasaran-a-su-orbita","status":"publish","type":"post","link":"https:\/\/www.actualidadadiario.com\/index.php\/2024\/06\/18\/adorni-confirmo-que-telam-y-los-medios-publicos-pasaran-a-su-orbita\/","title":{"rendered":"Adorni confirm\u00f3 que Telam y los medios p\u00fablicos pasar\u00e1n a su \u00f3rbita"},"content":{"rendered":"<p style=\"text-align: center;\"><em><strong>El vocero presidencial de La Libertad Avanza (LLA) confirm\u00f3 la noticia en su habitual conferencia de prensa. Explic\u00f3 que se trata de una reestructuraci\u00f3n del Gabinete al mando de Guillermo Francos<\/strong><\/em><\/p>\n<p>&nbsp;<\/p>\n<p>&nbsp;<\/p>\n<p>El Gobierno delegar\u00e1 el poder de la Agencia de noticias T\u00e9lam y otros medios p\u00fablicos al vocero presidencial, Manuel Adorni, tras una decisi\u00f3n por parte de Guillermo Francos de reestructurar la jefatura de Gabinete.<\/p>\n<p>La noticia fue confirmada por el propio Adorni en su habitual conferencia de prensa: &#8220;La jefatura de Gabinete tom\u00f3 la decisi\u00f3n de reestructurarse de la mano de Guillermo Francos. T\u00e9lam y otros medios p\u00fablicos pasan a depender de Comunicaci\u00f3n, \u00e1rea de la cual soy responsable&#8221;.<\/p>\n<p>&#8220;El plan sigue siendo exactamente el mismo: el de T\u00e9lam efectivamente su cierre y el de los medios p\u00fablicos dependemos de la decisi\u00f3n que tenga el Congreso con respecto a ello. Pero como digo siempre, nuestra decisi\u00f3n es que todas las empresas p\u00fablicas transiten el camino de la privatizaci\u00f3n&#8221;, agreg\u00f3 el funcionario libertario.<\/p>\n","protected":false},"excerpt":{"rendered":"<p>El vocero presidencial de La Libertad Avanza (LLA) confirm\u00f3 la noticia en su habitual conferencia de prensa. Explic\u00f3 que se trata de una reestructuraci\u00f3n del Gabinete al mando de Guillermo Francos &nbsp; &nbsp; El Gobierno delegar\u00e1 el poder de la Agencia de noticias T\u00e9lam y otros medios p\u00fablicos al vocero presidencial, Manuel Adorni, tras una decisi\u00f3n por parte de Guillermo Francos de reestructurar la jefatura de Gabinete. La noticia fue confirmada por el propio Adorni en su habitual conferencia de prensa: &#8220;La jefatura de Gabinete tom\u00f3 la decisi\u00f3n de reestructurarse&#8230;<\/p>\n","protected":false},"author":3,"featured_media":114899,"comment_status":"closed","ping_status":"closed","sticky":false,"template":"","format":"standard","meta":[],"categories":[18],"tags":[],"_links":{"self":[{"href":"https:\/\/www.actualidadadiario.com\/index.php\/wp-json\/wp\/v2\/posts\/116243"}],"collection":[{"href":"https:\/\/www.actualidadadiario.com\/index.php\/wp-json\/wp\/v2\/posts"}],"about":[{"href":"https:\/\/www.actualidadadiario.com\/index.php\/wp-json\/wp\/v2\/types\/post"}],"author":[{"embeddable":true,"href":"https:\/\/www.actualidadadiario.com\/index.php\/wp-json\/wp\/v2\/users\/3"}],"replies":[{"embeddable":true,"href":"https:\/\/www.actualidadadiario.com\/index.php\/wp-json\/wp\/v2\/comments?post=116243"}],"version-history":[{"count":1,"href":"https:\/\/www.actualidadadiario.com\/index.php\/wp-json\/wp\/v2\/posts\/116243\/revisions"}],"predecessor-version":[{"id":116244,"href":"https:\/\/www.actualidadadiario.com\/index.php\/wp-json\/wp\/v2\/posts\/116243\/revisions\/116244"}],"wp:featuredmedia":[{"embeddable":true,"href":"https:\/\/www.actualidadadiario.com\/index.php\/wp-json\/wp\/v2\/media\/114899"}],"wp:attachment":[{"href":"https:\/\/www.actualidadadiario.com\/index.php\/wp-json\/wp\/v2\/media?parent=116243"}],"wp:term":[{"taxonomy":"category","embeddable":true,"href":"https:\/\/www.actualidadadiario.com\/index.php\/wp-json\/wp\/v2\/categories?post=116243"},{"taxonomy":"post_tag","embeddable":true,"href":"https:\/\/www.actualidadadiario.com\/index.php\/wp-json\/wp\/v2\/tags?post=116243"}],"curies":[{"name":"wp","href":"https:\/\/api.w.org\/{rel}","templated":true}]}}