{"id":116237,"date":"2024-06-18T12:28:20","date_gmt":"2024-06-18T15:28:20","guid":{"rendered":"https:\/\/www.actualidadadiario.com\/?p=116237"},"modified":"2024-06-18T12:28:20","modified_gmt":"2024-06-18T15:28:20","slug":"milei-se-reunira-con-federico-sturzenegger-para-definir-su-rol-en-el-gobierno","status":"publish","type":"post","link":"https:\/\/www.actualidadadiario.com\/index.php\/2024\/06\/18\/milei-se-reunira-con-federico-sturzenegger-para-definir-su-rol-en-el-gobierno\/","title":{"rendered":"Milei se reunir\u00e1 con Federico Sturzenegger para definir su rol en el Gobierno"},"content":{"rendered":"<p style=\"text-align: center;\"><em><strong>Tras la aprobaci\u00f3n de la Ley Bases en el Senado, el Presidente mantendr\u00e1 un encuentro con el economista este martes por la tarde. Se espera que asuma un rol de mayor relevancia dentro del Gabinete<\/strong><\/em><\/p>\n<p>&nbsp;<\/p>\n<p>&nbsp;<\/p>\n<p>El presidente Javier Milei mantendr\u00e1 una reuni\u00f3n con Federico Sturzenegger para definir cu\u00e1l ser\u00e1 su rol dentro del Gobierno. Se espera que el encuentro tenga lugar este martes por la tarde en Casa Rosada.<\/p>\n<p>El mandatario hab\u00eda adelantado que el economista ocupar\u00eda un lugar dentro del Gabinete si se aprobaba la Ley Bases, con el objetivo de encabezar una reforma profunda del Estado y la consecuente desregulaci\u00f3n de la econom\u00eda.<\/p>\n<p>Seg\u00fan trascendi\u00f3, la demora en la asignaci\u00f3n del cargo ten\u00eda que ver con la falta de definici\u00f3n en la estructura como as\u00ed tambi\u00e9n en las atribuciones que se le brindar\u00e1n. La intenci\u00f3n del Gobierno es que tenga competencias directas en la modernizaci\u00f3n del estado y la desregulaci\u00f3n de la econom\u00eda, pero hay que ver qu\u00e9 es lo que finalmente acepta el economista.<\/p>\n<p>La primera oferta, seg\u00fan public\u00f3 TN, habr\u00eda sido la de las secretar\u00edas de Transformaci\u00f3n del Estado y de la Funci\u00f3n P\u00fablica y de Simplificaci\u00f3n del Estado; que est\u00e1n a cargo del jefe de Gabinete Guillermo Francos. Lo que ya le negaron es la secretar\u00eda de Empresas y Sociedades del Estado, que pronto estar\u00e1 bajo la \u00f3rbita del interventor de medios p\u00fablicos Diego Chaher.<\/p>\n<p>M\u00e1s all\u00e1 de las funciones que puedan llegar a cumplir, puertas adentro del gabinete esperan la introducci\u00f3n de un proyecto de ley que incluya m\u00e1s de 100 regulaciones. \u201cNuestra generaci\u00f3n es la responsable de la debacle y el electorado dijo \u2018basta\u2019: ese fue el mandato que recibi\u00f3 Milei\u201d, hab\u00eda dicho el propio Sturzenegger tras disertar en la primera jornada del Foro \u201cRenacer de la libertad en Argentina y el mundo\u201d, que organiz\u00f3 la Fundaci\u00f3n Libertad y Progreso, en el Hotel Hilton.<\/p>\n","protected":false},"excerpt":{"rendered":"<p>Tras la aprobaci\u00f3n de la Ley Bases en el Senado, el Presidente mantendr\u00e1 un encuentro con el economista este martes por la tarde. Se espera que asuma un rol de mayor relevancia dentro del Gabinete &nbsp; &nbsp; El presidente Javier Milei mantendr\u00e1 una reuni\u00f3n con Federico Sturzenegger para definir cu\u00e1l ser\u00e1 su rol dentro del Gobierno. Se espera que el encuentro tenga lugar este martes por la tarde en Casa Rosada. El mandatario hab\u00eda adelantado que el economista ocupar\u00eda un lugar dentro del Gabinete si se aprobaba la Ley Bases,&#8230;<\/p>\n","protected":false},"author":3,"featured_media":116238,"comment_status":"closed","ping_status":"closed","sticky":false,"template":"","format":"standard","meta":[],"categories":[18],"tags":[],"_links":{"self":[{"href":"https:\/\/www.actualidadadiario.com\/index.php\/wp-json\/wp\/v2\/posts\/116237"}],"collection":[{"href":"https:\/\/www.actualidadadiario.com\/index.php\/wp-json\/wp\/v2\/posts"}],"about":[{"href":"https:\/\/www.actualidadadiario.com\/index.php\/wp-json\/wp\/v2\/types\/post"}],"author":[{"embeddable":true,"href":"https:\/\/www.actualidadadiario.com\/index.php\/wp-json\/wp\/v2\/users\/3"}],"replies":[{"embeddable":true,"href":"https:\/\/www.actualidadadiario.com\/index.php\/wp-json\/wp\/v2\/comments?post=116237"}],"version-history":[{"count":1,"href":"https:\/\/www.actualidadadiario.com\/index.php\/wp-json\/wp\/v2\/posts\/116237\/revisions"}],"predecessor-version":[{"id":116239,"href":"https:\/\/www.actualidadadiario.com\/index.php\/wp-json\/wp\/v2\/posts\/116237\/revisions\/116239"}],"wp:featuredmedia":[{"embeddable":true,"href":"https:\/\/www.actualidadadiario.com\/index.php\/wp-json\/wp\/v2\/media\/116238"}],"wp:attachment":[{"href":"https:\/\/www.actualidadadiario.com\/index.php\/wp-json\/wp\/v2\/media?parent=116237"}],"wp:term":[{"taxonomy":"category","embeddable":true,"href":"https:\/\/www.actualidadadiario.com\/index.php\/wp-json\/wp\/v2\/categories?post=116237"},{"taxonomy":"post_tag","embeddable":true,"href":"https:\/\/www.actualidadadiario.com\/index.php\/wp-json\/wp\/v2\/tags?post=116237"}],"curies":[{"name":"wp","href":"https:\/\/api.w.org\/{rel}","templated":true}]}}