{"id":116235,"date":"2024-06-18T12:27:10","date_gmt":"2024-06-18T15:27:10","guid":{"rendered":"https:\/\/www.actualidadadiario.com\/?p=116235"},"modified":"2024-06-18T12:27:10","modified_gmt":"2024-06-18T15:27:10","slug":"pettovello-volvio-a-participar-de-una-reunion-de-gabinete-tras-los-escandalos-en-capital-humano","status":"publish","type":"post","link":"https:\/\/www.actualidadadiario.com\/index.php\/2024\/06\/18\/pettovello-volvio-a-participar-de-una-reunion-de-gabinete-tras-los-escandalos-en-capital-humano\/","title":{"rendered":"Pettovello volvi\u00f3 a participar de una reuni\u00f3n de gabinete tras los esc\u00e1ndalos en Capital Humano"},"content":{"rendered":"<p style=\"text-align: center;\"><em><strong>La titular de la cartera social se hizo presente en el encuentro semanal con sus pares luego de dos semanas de ausencia. El presidente Javier Milei encabez\u00f3 el c\u00f3nclave con la mira puesta en el seguimiento de la ley Bases, que el Gobierno espera que se trate el 27 en Diputados<\/strong><\/em><\/p>\n<p>&nbsp;<\/p>\n<p>&nbsp;<\/p>\n<p>Luego de su viaje al G7 y en medio de los rumores de cambios en el Gobierno, el presidente Javier Milei encabez\u00f3 este martes una nueva reuni\u00f3n de gabinete con la mira puesta en el seguimiento de la ley Bases, nuevamente en Diputados tras la media sanci\u00f3n en el Senado. El encuentro se llev\u00f3 a cabo desde las 9 en el Sal\u00f3n Eva Per\u00f3n de Casa Rosada y cont\u00f3 con la presencia, tras dos semanas ausente en medio del esc\u00e1ndalo por el reparto de alimentos, de la titular de la cartera de Capital Humano, Sandra Pettovello.<\/p>\n<p>El intercambio de Milei con sus ministros se extendi\u00f3 por m\u00e1s de una hora y media y cont\u00f3 con equipo completo, salvo por la ausencia de la ministra Patricia Bullrich que se encuentra en El Salvador, donde ser\u00e1 recibida este martes por el presidente Nayib Bukele, como corolario de las reuniones que mantuvo con funcionarios de su gobierno de ese pa\u00eds centroamericano dedicados a la lucha contra el delito organizado.<\/p>\n<p>Tras la gira que lo llev\u00f3 a Italia y a Suiza, Milei regres\u00f3 al pa\u00eds para participar, el pr\u00f3ximo jueves, del acto que se realizar\u00e1 en la provincia de Santa Fe para conmemorar el D\u00eda de la Bandera. Desde el hist\u00f3rico monumento ubicado en la ciudad de Rosario, el mandatario encabezar\u00e1 el acto patrio. Al d\u00eda siguiente, retomar\u00e1 sus viajes al exterior: el 21 de junio volver\u00e1 a volar a Europa para recibir, en Madrid, el premio del instituto de estudios liberales Juan de Mariana.<\/p>\n<p>Por otro lado, en la agenda del Gobierno para este martes figura que el jefe de Gabinete Guillermo Francos se reunir\u00e1 con los gobernadores Claudio Vidal (Santa Cruz) y Hugo Passalacqua (Misiones), a la vez que continuar\u00e1 con la ronda de consultas con diputados dialoguistas. El oficialismo de la C\u00e1mara Baja buscar\u00e1, entre hoy y ma\u00f1ana, avanzar en un acuerdo con los bloques opositores para conformar una mayor\u00eda que le permita sancionar definitivamente el proyecto de ley Bases y el paquete fiscal, que ser\u00edan tratados en el recinto el 27 de este mes.<\/p>\n<p>Puertas adentro del Gobierno tambi\u00e9n hay expectativas por el desembarco formal a las filas libertarias de Federico Stuzenegger, a quien el propio Milei le prometi\u00f3 un lugar en el gabinete reestructurado tras la ca\u00edda en desgracia de Nicol\u00e1s Posse. Hace dos semanas que extitular del Banco Central viene reuni\u00e9ndose con distintos funcionarios del Gobierno para delimitar sus eventuales funciones.<\/p>\n<p>Es que mientras que en un principio se hab\u00eda especulado con la creaci\u00f3n de un ministerio ad hoc para Sturzenegger, que iba a llevar el pomposo nombre de Unidad Transitoria para la Desregulaci\u00f3n de la Econom\u00eda, en Balcarce 50 no descartan la posibilidad de que en realidad encabece una secretar\u00eda que dependa de Presidencia dedicada a la \u201cmodernizaci\u00f3n\u201d de la econom\u00eda. Resta un encuentro cara a cara con el Presidente, que posiblemente se realice esta semana antes de la partida de Milei a Europa.<\/p>\n","protected":false},"excerpt":{"rendered":"<p>La titular de la cartera social se hizo presente en el encuentro semanal con sus pares luego de dos semanas de ausencia. El presidente Javier Milei encabez\u00f3 el c\u00f3nclave con la mira puesta en el seguimiento de la ley Bases, que el Gobierno espera que se trate el 27 en Diputados &nbsp; &nbsp; Luego de su viaje al G7 y en medio de los rumores de cambios en el Gobierno, el presidente Javier Milei encabez\u00f3 este martes una nueva reuni\u00f3n de gabinete con la mira puesta en el seguimiento de&#8230;<\/p>\n","protected":false},"author":3,"featured_media":112233,"comment_status":"closed","ping_status":"closed","sticky":false,"template":"","format":"standard","meta":[],"categories":[18],"tags":[],"_links":{"self":[{"href":"https:\/\/www.actualidadadiario.com\/index.php\/wp-json\/wp\/v2\/posts\/116235"}],"collection":[{"href":"https:\/\/www.actualidadadiario.com\/index.php\/wp-json\/wp\/v2\/posts"}],"about":[{"href":"https:\/\/www.actualidadadiario.com\/index.php\/wp-json\/wp\/v2\/types\/post"}],"author":[{"embeddable":true,"href":"https:\/\/www.actualidadadiario.com\/index.php\/wp-json\/wp\/v2\/users\/3"}],"replies":[{"embeddable":true,"href":"https:\/\/www.actualidadadiario.com\/index.php\/wp-json\/wp\/v2\/comments?post=116235"}],"version-history":[{"count":1,"href":"https:\/\/www.actualidadadiario.com\/index.php\/wp-json\/wp\/v2\/posts\/116235\/revisions"}],"predecessor-version":[{"id":116236,"href":"https:\/\/www.actualidadadiario.com\/index.php\/wp-json\/wp\/v2\/posts\/116235\/revisions\/116236"}],"wp:featuredmedia":[{"embeddable":true,"href":"https:\/\/www.actualidadadiario.com\/index.php\/wp-json\/wp\/v2\/media\/112233"}],"wp:attachment":[{"href":"https:\/\/www.actualidadadiario.com\/index.php\/wp-json\/wp\/v2\/media?parent=116235"}],"wp:term":[{"taxonomy":"category","embeddable":true,"href":"https:\/\/www.actualidadadiario.com\/index.php\/wp-json\/wp\/v2\/categories?post=116235"},{"taxonomy":"post_tag","embeddable":true,"href":"https:\/\/www.actualidadadiario.com\/index.php\/wp-json\/wp\/v2\/tags?post=116235"}],"curies":[{"name":"wp","href":"https:\/\/api.w.org\/{rel}","templated":true}]}}