{"id":116232,"date":"2024-06-18T12:26:08","date_gmt":"2024-06-18T15:26:08","guid":{"rendered":"https:\/\/www.actualidadadiario.com\/?p=116232"},"modified":"2024-06-18T12:26:08","modified_gmt":"2024-06-18T15:26:08","slug":"bullrich-busca-implementar-el-modelo-bukele-en-argentina-de-que-se-trata","status":"publish","type":"post","link":"https:\/\/www.actualidadadiario.com\/index.php\/2024\/06\/18\/bullrich-busca-implementar-el-modelo-bukele-en-argentina-de-que-se-trata\/","title":{"rendered":"Bullrich busca implementar el modelo Bukele en Argentina: de qu\u00e9 se trata"},"content":{"rendered":"<p style=\"text-align: center;\"><em><strong>Patricia Bullrich visit\u00f3 la c\u00e1rcel m\u00e1s grande de Am\u00e9rica en El Salvador y se reuni\u00f3 con el presidente Nayib Bukele<\/strong><\/em><\/p>\n<p>&nbsp;<\/p>\n<p>&nbsp;<\/p>\n<p>&nbsp;<\/p>\n<p>Patricia Bullrich viaj\u00f3 a El Salvador y recorri\u00f3 el Centro de Confinamiento del Terrorismo y la Academia de Seguridad P\u00fablica, se trata de la c\u00e1rcel m\u00e1s grande de Am\u00e9rica. El objetivo de la ministra de Seguridad es intercambiar informaci\u00f3n con las autoridades locales para reforzar el sistema de seguridad y penitenciario de Argentina.<\/p>\n<p>Est\u00e1 previsto que se re\u00fana con el presidente salvadore\u00f1o, Nayib Bukele, quien fue recientemente reelegido en su pa\u00eds y que mantiene un buen v\u00ednculo con Javier Milei. Tambi\u00e9n, se estima un encuentro con el ministro de Seguridad del pa\u00eds, Gustavo Villatoro.<\/p>\n<p>La funcionaria viaj\u00f3 junto al subsecretario de Asuntos Penitenciarios, Julian Curi; el director nacional de Cooperaci\u00f3n Internacional, Alberto F\u00f6hrig; el director nacional de Inteligencia Criminal, Ricardo Ferrer; y el legislador porte\u00f1o Juan Pablo Arenaza.<\/p>\n<p>&nbsp;<\/p>\n<p><strong>Bullrich visita El Salvador<\/strong><\/p>\n<p>La ministra aterriz\u00f3 en el pa\u00eds el s\u00e1bado por la noche. Su primera parada fue la Academia Nacional de Seguridad P\u00fablica (ANSP), en donde fue recibida por el director de la instituci\u00f3n, C\u00e9sar Flores Murillo. La entidad se encarga de la formaci\u00f3n y capacitaci\u00f3n de los miembros de la Polic\u00eda Nacional Civil y otros cuerpos de seguridad p\u00fablica de El Salvador.<\/p>\n<p>Bullrich puso atenci\u00f3n a las distintas actividades de formaci\u00f3n, se interioriz\u00f3 en los programas educativos e intercambi\u00f3 informaci\u00f3n sobre las pr\u00e1cticas implementadas en la profesionalizaci\u00f3n de las fuerzas policiales.<\/p>\n<p>&nbsp;<\/p>\n<p><strong>La c\u00e1rcel m\u00e1s grande de Am\u00e9rica<\/strong><\/p>\n<p>La segunda visita fue al Centro de Confinamiento del Terrorismo (CECOT), conocido como la c\u00e1rcel m\u00e1s grande de Am\u00e9rica. Se trata de un organismo de m\u00e1xima seguridad y uno de los hitos de la gesti\u00f3n de Bukele. Est\u00e1 dise\u00f1ado espec\u00edficamente para albergar a miembros de pandillas y presos calificados de \u201calta peligrosidad\u201d.<\/p>\n<p>El centro de detenci\u00f3n est\u00e1 ubicado en una zona rural, en el distrito de Tecoluca y alberga a 40 mil presos. Bullrich recorri\u00f3 las instalaciones y tom\u00f3 nota de las medidas de seguridad implementadas. Su puesta en pie es parte de la estrategia del gobierno salvadore\u00f1o para combatir y desmantelar las estructuras criminales y reducir los \u00edndices de violencia en el pa\u00eds.<\/p>\n<p>&nbsp;<\/p>\n<p><strong>Reuni\u00f3n con Bukele<\/strong><\/p>\n<p>Bullrich se encontrar\u00e1 con Nayib Bukele, luego de intercambiar pareceres en la Comisi\u00f3n de Seguridad Hemisf\u00e9rica de la Organizaci\u00f3n de Estados Americanos (OEA), una reuni\u00f3n que se realiz\u00f3 en febrero, en Washington.<\/p>\n<p>A principios de junio, Javier Milei viaj\u00f3 a El Salvador junto a su hermana para presenciar el acto de reasunci\u00f3n de mandato del salvadore\u00f1o. Bukele llam\u00f3 a Milei el d\u00eda que gan\u00f3 el balotaje en noviembre, pero no pudo viajar a Argentina para el 10 de diciembre.<\/p>\n<p>Despu\u00e9s del arribo de Milei en El Salvador, Bullrich escribi\u00f3 en sus redes sociales: &#8220;De un pa\u00eds tomado por la violencia, el narcotr\u00e1fico y por las maras que asesinaron 150 mil salvadore\u00f1os, a uno de los pa\u00edses m\u00e1s seguros del mundo, donde las familias recuperaron su vida y viven en paz. Este es el camino. Duros contra los criminales. Libertad para los argentinos de bien&#8221;.<\/p>\n","protected":false},"excerpt":{"rendered":"<p>Patricia Bullrich visit\u00f3 la c\u00e1rcel m\u00e1s grande de Am\u00e9rica en El Salvador y se reuni\u00f3 con el presidente Nayib Bukele &nbsp; &nbsp; &nbsp; Patricia Bullrich viaj\u00f3 a El Salvador y recorri\u00f3 el Centro de Confinamiento del Terrorismo y la Academia de Seguridad P\u00fablica, se trata de la c\u00e1rcel m\u00e1s grande de Am\u00e9rica. El objetivo de la ministra de Seguridad es intercambiar informaci\u00f3n con las autoridades locales para reforzar el sistema de seguridad y penitenciario de Argentina. Est\u00e1 previsto que se re\u00fana con el presidente salvadore\u00f1o, Nayib Bukele, quien fue recientemente&#8230;<\/p>\n","protected":false},"author":3,"featured_media":116233,"comment_status":"closed","ping_status":"closed","sticky":false,"template":"","format":"standard","meta":[],"categories":[18],"tags":[],"_links":{"self":[{"href":"https:\/\/www.actualidadadiario.com\/index.php\/wp-json\/wp\/v2\/posts\/116232"}],"collection":[{"href":"https:\/\/www.actualidadadiario.com\/index.php\/wp-json\/wp\/v2\/posts"}],"about":[{"href":"https:\/\/www.actualidadadiario.com\/index.php\/wp-json\/wp\/v2\/types\/post"}],"author":[{"embeddable":true,"href":"https:\/\/www.actualidadadiario.com\/index.php\/wp-json\/wp\/v2\/users\/3"}],"replies":[{"embeddable":true,"href":"https:\/\/www.actualidadadiario.com\/index.php\/wp-json\/wp\/v2\/comments?post=116232"}],"version-history":[{"count":1,"href":"https:\/\/www.actualidadadiario.com\/index.php\/wp-json\/wp\/v2\/posts\/116232\/revisions"}],"predecessor-version":[{"id":116234,"href":"https:\/\/www.actualidadadiario.com\/index.php\/wp-json\/wp\/v2\/posts\/116232\/revisions\/116234"}],"wp:featuredmedia":[{"embeddable":true,"href":"https:\/\/www.actualidadadiario.com\/index.php\/wp-json\/wp\/v2\/media\/116233"}],"wp:attachment":[{"href":"https:\/\/www.actualidadadiario.com\/index.php\/wp-json\/wp\/v2\/media?parent=116232"}],"wp:term":[{"taxonomy":"category","embeddable":true,"href":"https:\/\/www.actualidadadiario.com\/index.php\/wp-json\/wp\/v2\/categories?post=116232"},{"taxonomy":"post_tag","embeddable":true,"href":"https:\/\/www.actualidadadiario.com\/index.php\/wp-json\/wp\/v2\/tags?post=116232"}],"curies":[{"name":"wp","href":"https:\/\/api.w.org\/{rel}","templated":true}]}}