{"id":11623,"date":"2017-05-16T10:03:16","date_gmt":"2017-05-16T13:03:16","guid":{"rendered":"http:\/\/actualidadadiario.com\/site\/?p=11623"},"modified":"2017-05-16T10:03:16","modified_gmt":"2017-05-16T13:03:16","slug":"la-cidh-expreso-su-consternacion-por-el-fallo-de-la-corte-a-favor-de-los-represores","status":"publish","type":"post","link":"https:\/\/www.actualidadadiario.com\/index.php\/2017\/05\/16\/la-cidh-expreso-su-consternacion-por-el-fallo-de-la-corte-a-favor-de-los-represores\/","title":{"rendered":"La CIDH expres\u00f3 &#8220;su consternaci\u00f3n&#8221; por el fallo de la Corte a favor de los represores"},"content":{"rendered":"<p><em><strong>La entidad repudi\u00f3 la sentencia del M\u00e1ximo Tribunal que beneficia a los culpables por cr\u00edmenes de lesa humanidad, ya que estos \u201ctienen una serie de caracter\u00edsticas diferenciadas del resto de los delitos por los fines y objetivos que persigue\u201d, al tiempo que explic\u00f3 que \u201csu aplicaci\u00f3n es contraria a los est\u00e1ndares interamericanos de derechos humanos\u201d\u00a0<\/strong><\/em><\/p>\n<p>&nbsp;<\/p>\n<p>&nbsp;<\/p>\n<p>&nbsp;<\/p>\n<p>La Comisi\u00f3n Interamericana de Derechos Humanos emiti\u00f3 un comunicado en el que manifest\u00f3 su preocupaci\u00f3n y repudio ante la sentencia de la Corte Suprema de Justicia que beneficia a los genocidas de la \u00faltima dictadura militar, ya que el fallo atenta contra los est\u00e1ndares internacionales respecto a casos de violaciones a los derechos humanos.<\/p>\n<p>&nbsp;<\/p>\n<p>&#8220;La CIDH expresa su consternaci\u00f3n por la interpretaci\u00f3n y aplicaci\u00f3n realizada por la Corte Suprema de Justicia porque el beneficio se aplica a la persona encontrada culpable y sentenciada a prisi\u00f3n por haber cometido un crimen de lesa humanidad&#8221;, se\u00f1ala el texto oficial de la entidad.<\/p>\n<p>&nbsp;<\/p>\n<p>En este sentido, la Comisi\u00f3n entiende que &#8220;la obligaci\u00f3n conforme al derecho internacional de enjuiciar y castigar a los perpetradores de cometer graves violaciones a los derechos humanos se desprende de la obligaci\u00f3n de garant\u00eda prevista en la Convenci\u00f3n Americana\u201d.<\/p>\n<p>&nbsp;<\/p>\n<p>\u201cLos delitos de lesa humanidad tienen una serie de caracter\u00edsticas diferenciadas del resto de los delitos por los fines y objetivos que persigue, que es el concepto de la humanidad como v\u00edctima\u201d, insiste el documento, y a\u00f1ade: \u201cLos Estados tienen por lo tanto la obligaci\u00f3n internacional de no dejar impunes estos cr\u00edmenes y asegurar la proporcionalidad de la pena\u201d.<\/p>\n<p>&nbsp;<\/p>\n<p>En consecuencia, la Comisi\u00f3n remarc\u00f3 que \u201cla aplicaci\u00f3n del 2&#215;1 u otros beneficios no deber\u00edan servir para desvirtuar la proporcionalidad de la pena para las personas responsables de cr\u00edmenes de lesa humanidad\u201d, y expres\u00f3: \u201cSu aplicaci\u00f3n tornar\u00eda inadecuada la sanci\u00f3n que se impuso, lo cual es contrario a los est\u00e1ndares interamericanos de derechos humanos&#8221;.<\/p>\n<p>&nbsp;<\/p>\n<p>&#8220;La CIDH celebra que la voz de las v\u00edctimas se ha hecho escuchar en la defensa de los importantes avances que se han hecho en la lucha contra la impunidad de las graves violaciones a los derechos humanos cometidas durante la dictadura; y saluda tambi\u00e9n a las organizaciones de la sociedad civil nacionales e internacionales y defensores y defensoras de derechos humanos por su importante labor para exigir el derecho a la verdad, a la justicia y a la reparaci\u00f3n de estos graves cr\u00edmenes del pasado, en el marco del estado de derecho y de una sociedad democr\u00e1tica vibrante&#8221;.<\/p>\n","protected":false},"excerpt":{"rendered":"<p>La entidad repudi\u00f3 la sentencia del M\u00e1ximo Tribunal que beneficia a los culpables por cr\u00edmenes de lesa humanidad, ya que estos \u201ctienen una serie de caracter\u00edsticas diferenciadas del resto de los delitos por los fines y objetivos que persigue\u201d, al tiempo que explic\u00f3 que \u201csu aplicaci\u00f3n es contraria a los est\u00e1ndares interamericanos de derechos humanos\u201d\u00a0 &nbsp; &nbsp; &nbsp; La Comisi\u00f3n Interamericana de Derechos Humanos emiti\u00f3 un comunicado en el que manifest\u00f3 su preocupaci\u00f3n y repudio ante la sentencia de la Corte Suprema de Justicia que beneficia a los genocidas de&#8230;<\/p>\n","protected":false},"author":3,"featured_media":11245,"comment_status":"closed","ping_status":"closed","sticky":false,"template":"","format":"standard","meta":[],"categories":[9,18],"tags":[],"_links":{"self":[{"href":"https:\/\/www.actualidadadiario.com\/index.php\/wp-json\/wp\/v2\/posts\/11623"}],"collection":[{"href":"https:\/\/www.actualidadadiario.com\/index.php\/wp-json\/wp\/v2\/posts"}],"about":[{"href":"https:\/\/www.actualidadadiario.com\/index.php\/wp-json\/wp\/v2\/types\/post"}],"author":[{"embeddable":true,"href":"https:\/\/www.actualidadadiario.com\/index.php\/wp-json\/wp\/v2\/users\/3"}],"replies":[{"embeddable":true,"href":"https:\/\/www.actualidadadiario.com\/index.php\/wp-json\/wp\/v2\/comments?post=11623"}],"version-history":[{"count":1,"href":"https:\/\/www.actualidadadiario.com\/index.php\/wp-json\/wp\/v2\/posts\/11623\/revisions"}],"predecessor-version":[{"id":11624,"href":"https:\/\/www.actualidadadiario.com\/index.php\/wp-json\/wp\/v2\/posts\/11623\/revisions\/11624"}],"wp:featuredmedia":[{"embeddable":true,"href":"https:\/\/www.actualidadadiario.com\/index.php\/wp-json\/wp\/v2\/media\/11245"}],"wp:attachment":[{"href":"https:\/\/www.actualidadadiario.com\/index.php\/wp-json\/wp\/v2\/media?parent=11623"}],"wp:term":[{"taxonomy":"category","embeddable":true,"href":"https:\/\/www.actualidadadiario.com\/index.php\/wp-json\/wp\/v2\/categories?post=11623"},{"taxonomy":"post_tag","embeddable":true,"href":"https:\/\/www.actualidadadiario.com\/index.php\/wp-json\/wp\/v2\/tags?post=11623"}],"curies":[{"name":"wp","href":"https:\/\/api.w.org\/{rel}","templated":true}]}}