{"id":116229,"date":"2024-06-18T12:25:00","date_gmt":"2024-06-18T15:25:00","guid":{"rendered":"https:\/\/www.actualidadadiario.com\/?p=116229"},"modified":"2024-06-18T12:25:00","modified_gmt":"2024-06-18T15:25:00","slug":"la-ley-bases-y-el-paquete-fiscal-frente-a-su-ultima-instancia-parlamentaria","status":"publish","type":"post","link":"https:\/\/www.actualidadadiario.com\/index.php\/2024\/06\/18\/la-ley-bases-y-el-paquete-fiscal-frente-a-su-ultima-instancia-parlamentaria\/","title":{"rendered":"La Ley Bases y el paquete fiscal frente a su \u00faltima instancia parlamentaria"},"content":{"rendered":"<p style=\"text-align: center;\"><em><strong>En medio de los feriados avanzan las negociaciones en la C\u00e1mara baja. Son dos d\u00edas h\u00e1biles, pero desde que se aprobaron las iniciativas en el Senado circulan varios mensajes y llamadas telef\u00f3nicas entre el oficialismo y diputados aliados<\/strong><\/em><\/p>\n<p>&nbsp;<\/p>\n<p>&nbsp;<\/p>\n<p>El proyecto de ley bases y el paquete fiscal del ejecutivo de Javier Milei llega a la \u00faltima instancia en su tratamiento parlamentario. En medio de los feriados de esta semana avanzan las negociaciones en la C\u00e1mara de Diputados. Son dos d\u00edas h\u00e1biles, pero desde que se aprobaron las iniciativas la semana pasada en el Senado circulan varios mensajes y llamadas telef\u00f3nicas entre el oficialismo y los diputados aliados.<\/p>\n<p>Y es que en Casa Rosada trabaja el jefe de Gabinete Guillermo Francos, en garantizar los votos de la primera instancia respetando el proyecto original, mientras que los espacios dialoguistas eval\u00faan aceptar algunas modificaciones que incorpor\u00f3 el Senado. Por esta raz\u00f3n, en medio del tratamiento de los proyectos en la C\u00e1mara que preside Victoria Villarruel, Miguel \u00c1ngel Pichetto (Hacemos Coalici\u00f3n Federal) visit\u00f3 a Francos en la Casa Rosada para comenzar a evaluar las distintas alternativas.<\/p>\n<p>&nbsp;<\/p>\n<p><strong>Ley Bases<\/strong><\/p>\n<p>Ante este panorama, la oposici\u00f3n mayoritaria de Uni\u00f3n por la Patria insistir\u00e1 en dejar fuera de debate Ganancias y Bienes Personales, que rechaz\u00f3 la C\u00e1mara alta. Si esto pasar\u00e1, Milei tiene muy en claro que a cualquier modificaci\u00f3n que afecte el d\u00e9ficit cero responder\u00e1 con el veto. Sin embargo, en La Libertad Avanza se muestran confiados, el domingo, el presidente de la C\u00e1mara de Diputados, Mart\u00edn Menem, expres\u00f3 en declaraciones radiales: \u00abMe cuesta creer que no le vayamos a dar al presidente la ley tal cual la pidi\u00f3\u00bb. Me costar\u00eda entender que los mismos diputados que hace 45 d\u00edas votaron a favor de un proyecto puedan no votar a favor de un mismo proyecto\u00bb, afirm\u00f3.<\/p>\n<p>En el Senado, LLA acept\u00f3 retirar la moratoria, tambi\u00e9n Aerol\u00edneas Argentinas, Correo Argentina y RTA de las compa\u00f1\u00edas privatizables. Adem\u00e1s, acept\u00f3 cambios en el R\u00e9gimen de Incentivos para Grandes Inversiones (RIGI), uno de los temas m\u00e1s discutidos durante las \u00faltimas semanas. En la votaci\u00f3n en particular del paquete fiscal, se cayeron la modificaci\u00f3n del piso del impuesto de Bienes Personales, el retorno de la cuarta categor\u00eda del impuesto a las Ganancias y la eliminaci\u00f3n del art\u00edculo 111 incorporada en el recinto por Nicol\u00e1s Massot.<\/p>\n<p>&nbsp;<\/p>\n<p><strong>C\u00f3mo contin\u00faa el proceso parlamentario en Diputados<\/strong><\/p>\n<p>Con modificaciones en algunos art\u00edculos, los proyectos del Ejecutivo Nacional vuelven a la C\u00e1mara de origen. En los pr\u00f3ximos d\u00edas el cuerpo legislativo que preside Mart\u00edn Menem deber\u00e1 ser tratados en el recinto, debido a que la ley ya ha sido aprobada en lo general y no puede ser desechada. En ese contexto, las alternativas que tienen los diputados son tres: Aprobar todo tal como ha sido resuelto en el Senado; Aprobar solo algunos de sus cambios y rechazar otros o insistir en la media sanci\u00f3n tal como fue aprobada en la sesi\u00f3n del 29 de abril.<\/p>\n<p>Seg\u00fan el reglamento, si los cambios en el Senado fueron aprobados con mayor\u00eda absoluta (m\u00e1s de la mitad de los senadores), los diputados necesitan esa misma mayor\u00eda para insistir con su proyecto original y rechazar esos cambios. Si fueron aprobados con dos tercios en Senado, necesitan alcanzar esa misma mayor\u00eda.<\/p>\n<p>En cuanto a los art\u00edculos que fueron eliminados en el Senado como por ejemplo los que estaban en el texto del paquete fiscal, hay varias interpretaciones. La secretaria parlamentaria del bloque radical Soledad Carrizo explic\u00f3 que \u201cel impedimento que establece la Constituci\u00f3n para volver a tratar solo refiere a los \u2018proyectos desechados totalmente\u2019. Si la Carta Magna no indica \u2018art\u00edculos, cap\u00edtulos o t\u00edtulos desechados\u2019, \u2018proyectos desechados parcialmente\u2019, no podemos inventar nosotros esa distinci\u00f3n\u201d.<\/p>\n<p>En di\u00e1logo al Parlamentario, record\u00f3 la diputada que el art\u00edculo 81 de la Constituci\u00f3n Nacional expresa que: \u201cLa C\u00e1mara de origen podr\u00e1 por mayor\u00eda absoluta de los presentes aprobar el proyecto con las adiciones o correcciones introducidas o insistir en la reacci\u00f3n originaria\u201d.<\/p>\n","protected":false},"excerpt":{"rendered":"<p>En medio de los feriados avanzan las negociaciones en la C\u00e1mara baja. Son dos d\u00edas h\u00e1biles, pero desde que se aprobaron las iniciativas en el Senado circulan varios mensajes y llamadas telef\u00f3nicas entre el oficialismo y diputados aliados &nbsp; &nbsp; El proyecto de ley bases y el paquete fiscal del ejecutivo de Javier Milei llega a la \u00faltima instancia en su tratamiento parlamentario. En medio de los feriados de esta semana avanzan las negociaciones en la C\u00e1mara de Diputados. Son dos d\u00edas h\u00e1biles, pero desde que se aprobaron las iniciativas&#8230;<\/p>\n","protected":false},"author":3,"featured_media":116230,"comment_status":"closed","ping_status":"closed","sticky":false,"template":"","format":"standard","meta":[],"categories":[9],"tags":[],"_links":{"self":[{"href":"https:\/\/www.actualidadadiario.com\/index.php\/wp-json\/wp\/v2\/posts\/116229"}],"collection":[{"href":"https:\/\/www.actualidadadiario.com\/index.php\/wp-json\/wp\/v2\/posts"}],"about":[{"href":"https:\/\/www.actualidadadiario.com\/index.php\/wp-json\/wp\/v2\/types\/post"}],"author":[{"embeddable":true,"href":"https:\/\/www.actualidadadiario.com\/index.php\/wp-json\/wp\/v2\/users\/3"}],"replies":[{"embeddable":true,"href":"https:\/\/www.actualidadadiario.com\/index.php\/wp-json\/wp\/v2\/comments?post=116229"}],"version-history":[{"count":1,"href":"https:\/\/www.actualidadadiario.com\/index.php\/wp-json\/wp\/v2\/posts\/116229\/revisions"}],"predecessor-version":[{"id":116231,"href":"https:\/\/www.actualidadadiario.com\/index.php\/wp-json\/wp\/v2\/posts\/116229\/revisions\/116231"}],"wp:featuredmedia":[{"embeddable":true,"href":"https:\/\/www.actualidadadiario.com\/index.php\/wp-json\/wp\/v2\/media\/116230"}],"wp:attachment":[{"href":"https:\/\/www.actualidadadiario.com\/index.php\/wp-json\/wp\/v2\/media?parent=116229"}],"wp:term":[{"taxonomy":"category","embeddable":true,"href":"https:\/\/www.actualidadadiario.com\/index.php\/wp-json\/wp\/v2\/categories?post=116229"},{"taxonomy":"post_tag","embeddable":true,"href":"https:\/\/www.actualidadadiario.com\/index.php\/wp-json\/wp\/v2\/tags?post=116229"}],"curies":[{"name":"wp","href":"https:\/\/api.w.org\/{rel}","templated":true}]}}