{"id":116226,"date":"2024-06-18T12:23:59","date_gmt":"2024-06-18T15:23:59","guid":{"rendered":"https:\/\/www.actualidadadiario.com\/?p=116226"},"modified":"2024-06-18T12:23:59","modified_gmt":"2024-06-18T15:23:59","slug":"falto-de-gusto-la-critica-del-gobierno-de-alemania-a-milei-por-sus-ataques-a-pedro-sanchez","status":"publish","type":"post","link":"https:\/\/www.actualidadadiario.com\/index.php\/2024\/06\/18\/falto-de-gusto-la-critica-del-gobierno-de-alemania-a-milei-por-sus-ataques-a-pedro-sanchez\/","title":{"rendered":"&#8220;Falto de gusto&#8221;: la cr\u00edtica del gobierno de Alemania a Milei por sus ataques a Pedro S\u00e1nchez"},"content":{"rendered":"<p style=\"text-align: center;\"><strong><em>Un vocero alem\u00e1n carg\u00f3 contra el mandatario por sus agresiones al presidente espa\u00f1ol, que desataron un conflicto internacional<\/em><\/strong><\/p>\n<p>&nbsp;<\/p>\n<p>&nbsp;<\/p>\n<p>Uno de los voceros de Alemania, Steffen Hebestreit, calific\u00f3 de &#8220;falto de gusto&#8221; los ataques del presidente Javier Milei a su par de Espa\u00f1a, Pedro S\u00e1nchez, que desataron un conflicto internacional. En una conferencia de prensa en Berl\u00edn, Hebestreit respald\u00f3 a S\u00e1nchez por su postura en el conflicto con Milei y cruz\u00f3 al libertario: &#8220;El primer ministro espa\u00f1ol encontr\u00f3 las palabras correctas y creo que las palabras del presidente argentino se valoran por s\u00ed mismas&#8221;.<\/p>\n<p>En tal sentido, profundiz\u00f3 en el motivo por el cual Alemania no se manifest\u00f3 en el inicio del cortocircuito entre ambos presidentes. &#8220;Este Gobierno no puede estar diciendo lo que segundas partes dicen de terceros. De vez en cuando s\u00ed lo hace pero en este caso no porque fue tan claro y falto de gusto que no hace falta decir nada&#8221;, enfatiz\u00f3.<\/p>\n<p>En tanto, se refiri\u00f3 al encuentro que tendr\u00e1 el Presidente con el canciller alem\u00e1n, Olaf Scholz, durante el fin de semana. &#8220;Milei se encuentra en Europa participando en diferentes encuentros, como el del G7 en Apulia la semana pasada. Tambi\u00e9n estuvo en B\u00fcrgenstock y estar\u00e1 en Alemania para un encuentro de trabajo con el canciller&#8221;, expres\u00f3.<\/p>\n<p>&nbsp;<\/p>\n<p><strong>Milei contra el Presidente de Espa\u00f1a<\/strong><\/p>\n<p>El presidente Javier Milei volvi\u00f3 a atacar a su par espa\u00f1ol, Pedro S\u00e1nchez, a trav\u00e9s de sus redes sociales y aprovech\u00f3 la publicaci\u00f3n para tambi\u00e9n criticar a periodistas argentinos. Lo hizo a trav\u00e9s de su cuenta de X con un ejemplo de un periodista espa\u00f1ol.<\/p>\n<p>El mandatario argentino comparti\u00f3 un video del periodista Vito Quiles, quien denunci\u00f3 una supuesta persecuci\u00f3n por el Gobierno espa\u00f1ol, tras haber publicado que uno de los ministros de S\u00e1nchez habr\u00eda utilizado un auto oficial para ir al recital de la cantante pop Taylor Swift. En este contexto, Milei se solidariz\u00f3 con Quiles y poste\u00f3: &#8220;Si un funcionario de nuestro Gobierno quisiera meter preso a un periodista por dar una noticia, toda la progres\u00eda local, desde Tenembaum y Longobardi hasta Novaresio y Lanata, estar\u00eda llorando dictadura&#8221;.<\/p>\n<p>Luego agreg\u00f3: &#8220;Pero no. Como es un gobierno zurdo se hacen los distra\u00eddos. Al final son todos c\u00f3mplices del socialismo autoritario&#8221;. De esta manera, Milei elige seguir confrontando con S\u00e1nchez a quien erigi\u00f3 como un contrincante internacional cuando acus\u00f3 a su esposa de corrupta durante un acto del partido ultraderechista ib\u00e9rico VOX, en Madrid.<\/p>\n<p>Tras la publicaci\u00f3n, Milei le dio retuit a distintas publicaciones que atacaban al Presidente espa\u00f1ol. &#8220;Pedro S\u00e1nchez, el actual dictador de Espa\u00f1a, manda a perseguir a los opositores a pena de muerte porque le destapan los casos de corrupci\u00f3n de su mujer Bego\u00f1a G\u00f3mez&#8221;, dice una de las publicaciones que comparti\u00f3 el economista libertario.<\/p>\n","protected":false},"excerpt":{"rendered":"<p>Un vocero alem\u00e1n carg\u00f3 contra el mandatario por sus agresiones al presidente espa\u00f1ol, que desataron un conflicto internacional &nbsp; &nbsp; Uno de los voceros de Alemania, Steffen Hebestreit, calific\u00f3 de &#8220;falto de gusto&#8221; los ataques del presidente Javier Milei a su par de Espa\u00f1a, Pedro S\u00e1nchez, que desataron un conflicto internacional. En una conferencia de prensa en Berl\u00edn, Hebestreit respald\u00f3 a S\u00e1nchez por su postura en el conflicto con Milei y cruz\u00f3 al libertario: &#8220;El primer ministro espa\u00f1ol encontr\u00f3 las palabras correctas y creo que las palabras del presidente argentino&#8230;<\/p>\n","protected":false},"author":3,"featured_media":116227,"comment_status":"closed","ping_status":"closed","sticky":false,"template":"","format":"standard","meta":[],"categories":[9],"tags":[],"_links":{"self":[{"href":"https:\/\/www.actualidadadiario.com\/index.php\/wp-json\/wp\/v2\/posts\/116226"}],"collection":[{"href":"https:\/\/www.actualidadadiario.com\/index.php\/wp-json\/wp\/v2\/posts"}],"about":[{"href":"https:\/\/www.actualidadadiario.com\/index.php\/wp-json\/wp\/v2\/types\/post"}],"author":[{"embeddable":true,"href":"https:\/\/www.actualidadadiario.com\/index.php\/wp-json\/wp\/v2\/users\/3"}],"replies":[{"embeddable":true,"href":"https:\/\/www.actualidadadiario.com\/index.php\/wp-json\/wp\/v2\/comments?post=116226"}],"version-history":[{"count":1,"href":"https:\/\/www.actualidadadiario.com\/index.php\/wp-json\/wp\/v2\/posts\/116226\/revisions"}],"predecessor-version":[{"id":116228,"href":"https:\/\/www.actualidadadiario.com\/index.php\/wp-json\/wp\/v2\/posts\/116226\/revisions\/116228"}],"wp:featuredmedia":[{"embeddable":true,"href":"https:\/\/www.actualidadadiario.com\/index.php\/wp-json\/wp\/v2\/media\/116227"}],"wp:attachment":[{"href":"https:\/\/www.actualidadadiario.com\/index.php\/wp-json\/wp\/v2\/media?parent=116226"}],"wp:term":[{"taxonomy":"category","embeddable":true,"href":"https:\/\/www.actualidadadiario.com\/index.php\/wp-json\/wp\/v2\/categories?post=116226"},{"taxonomy":"post_tag","embeddable":true,"href":"https:\/\/www.actualidadadiario.com\/index.php\/wp-json\/wp\/v2\/tags?post=116226"}],"curies":[{"name":"wp","href":"https:\/\/api.w.org\/{rel}","templated":true}]}}