{"id":116224,"date":"2024-06-18T11:10:32","date_gmt":"2024-06-18T14:10:32","guid":{"rendered":"https:\/\/www.actualidadadiario.com\/?p=116224"},"modified":"2024-06-18T11:10:32","modified_gmt":"2024-06-18T14:10:32","slug":"alerta-meteorologica-por-vientos-fuertes-tormentas-y-nevadas-cuales-son-las-provincias-afectadas","status":"publish","type":"post","link":"https:\/\/www.actualidadadiario.com\/index.php\/2024\/06\/18\/alerta-meteorologica-por-vientos-fuertes-tormentas-y-nevadas-cuales-son-las-provincias-afectadas\/","title":{"rendered":"Alerta meteorol\u00f3gica por vientos fuertes, tormentas y nevadas: cu\u00e1les son las provincias afectadas"},"content":{"rendered":"<p style=\"text-align: center;\"><em><strong>El Servicio Meteorol\u00f3gico Nacional emiti\u00f3 un alerta amarilla y naranja para nueve provincias<\/strong><\/em><\/p>\n<p>&nbsp;<\/p>\n<p>&nbsp;<\/p>\n<p>Luego de un fin de semana largo, el Servicio Meteorol\u00f3gico Nacional (SMN) inform\u00f3 que la semana laboral empezar\u00e1 con lluvias y nevadas en varias zonas del pa\u00eds.<\/p>\n<p>&nbsp;<\/p>\n<p><strong>Alerta por vientos fuertes y tormentas: cu\u00e1les son las zonas afectadas<\/strong><\/p>\n<p>Este martes rige un alerta por tormentas en el sur de Misiones y norte de Corrientes; y en la costa de Chubut y Santa Cruz. Algunas zonas se ven afectadas por un alerta naranja.<\/p>\n<p>Para las zonas del noreste del pa\u00eds, el organismo report\u00f3 que \u201cse espera que el \u00e1rea sea afectada por lluvias persistentes de intensidad moderada, con algunos per\u00edodos fuertes\u201d. Las mismas estar\u00e1n acompa\u00f1adas de actividad el\u00e9ctrica.<\/p>\n<p>A su vez, el organismo difundi\u00f3 advertencias por fuertes vientos en varias zonas del pa\u00eds. El alerta amarillo rige para la cordillera de La Rioja, San Juan y Mendoza que se ver\u00e1 afectada por vientos del sector oeste con velocidades entre 60 y 75 km\/h, con r\u00e1fagas que pueden alcanzar los 120 km\/h.<\/p>\n<p>&nbsp;<\/p>\n<p><strong>Alerta meteorol\u00f3gica por nevadas<\/strong><\/p>\n<p>El SMN alert\u00f3 sobre fuertes nevadas en varias partes del pa\u00eds. De esta manera, rige un alerta para la cordillera de San Juan, Mendoza y Neuqu\u00e9n; para la cordillera y el sur de Chubut y para casi todo Santa Cruz, con zonas con alerta naranja.<\/p>\n<p>De acuerdo con el reporte, \u201cen las zonas cordilleranas, se esperan nevadas de variada intensidad, algunas fuertes, con acumulados entre 30 y 45 cm, pudiendo ser superados puntualmente, sin descartar la ocurrencia de lluvia y nieve mezclada en zonas m\u00e1s bajas\u201d.<\/p>\n<p>Por su parte, sobre la meseta de Santa Cruz y Chubut, se esperan valores de nieve acumulada entre 10 y 30 cm, pudiendo ser superados puntualmente. En zonas costeras de dichas provincias no se descarta la ocurrencia de per\u00edodos de lluvias.<\/p>\n","protected":false},"excerpt":{"rendered":"<p>El Servicio Meteorol\u00f3gico Nacional emiti\u00f3 un alerta amarilla y naranja para nueve provincias &nbsp; &nbsp; Luego de un fin de semana largo, el Servicio Meteorol\u00f3gico Nacional (SMN) inform\u00f3 que la semana laboral empezar\u00e1 con lluvias y nevadas en varias zonas del pa\u00eds. &nbsp; Alerta por vientos fuertes y tormentas: cu\u00e1les son las zonas afectadas Este martes rige un alerta por tormentas en el sur de Misiones y norte de Corrientes; y en la costa de Chubut y Santa Cruz. Algunas zonas se ven afectadas por un alerta naranja. Para las&#8230;<\/p>\n","protected":false},"author":3,"featured_media":63047,"comment_status":"closed","ping_status":"closed","sticky":false,"template":"","format":"standard","meta":[],"categories":[2],"tags":[],"_links":{"self":[{"href":"https:\/\/www.actualidadadiario.com\/index.php\/wp-json\/wp\/v2\/posts\/116224"}],"collection":[{"href":"https:\/\/www.actualidadadiario.com\/index.php\/wp-json\/wp\/v2\/posts"}],"about":[{"href":"https:\/\/www.actualidadadiario.com\/index.php\/wp-json\/wp\/v2\/types\/post"}],"author":[{"embeddable":true,"href":"https:\/\/www.actualidadadiario.com\/index.php\/wp-json\/wp\/v2\/users\/3"}],"replies":[{"embeddable":true,"href":"https:\/\/www.actualidadadiario.com\/index.php\/wp-json\/wp\/v2\/comments?post=116224"}],"version-history":[{"count":1,"href":"https:\/\/www.actualidadadiario.com\/index.php\/wp-json\/wp\/v2\/posts\/116224\/revisions"}],"predecessor-version":[{"id":116225,"href":"https:\/\/www.actualidadadiario.com\/index.php\/wp-json\/wp\/v2\/posts\/116224\/revisions\/116225"}],"wp:featuredmedia":[{"embeddable":true,"href":"https:\/\/www.actualidadadiario.com\/index.php\/wp-json\/wp\/v2\/media\/63047"}],"wp:attachment":[{"href":"https:\/\/www.actualidadadiario.com\/index.php\/wp-json\/wp\/v2\/media?parent=116224"}],"wp:term":[{"taxonomy":"category","embeddable":true,"href":"https:\/\/www.actualidadadiario.com\/index.php\/wp-json\/wp\/v2\/categories?post=116224"},{"taxonomy":"post_tag","embeddable":true,"href":"https:\/\/www.actualidadadiario.com\/index.php\/wp-json\/wp\/v2\/tags?post=116224"}],"curies":[{"name":"wp","href":"https:\/\/api.w.org\/{rel}","templated":true}]}}