{"id":116222,"date":"2024-06-18T11:09:53","date_gmt":"2024-06-18T14:09:53","guid":{"rendered":"https:\/\/www.actualidadadiario.com\/?p=116222"},"modified":"2024-06-18T11:09:53","modified_gmt":"2024-06-18T14:09:53","slug":"jubilados-y-pensionados-anses-tendran-nuevo-aumento-en-julio-a-cuanto-llegara-la-minima","status":"publish","type":"post","link":"https:\/\/www.actualidadadiario.com\/index.php\/2024\/06\/18\/jubilados-y-pensionados-anses-tendran-nuevo-aumento-en-julio-a-cuanto-llegara-la-minima\/","title":{"rendered":"Jubilados y pensionados ANSES tendr\u00e1n nuevo aumento en julio: a cu\u00e1nto llegar\u00e1 la m\u00ednima"},"content":{"rendered":"<p style=\"text-align: center;\"><em><strong>Luego de conocerse la inflaci\u00f3n de mayo, el gobierno confirm\u00f3 cu\u00e1nto cobrar\u00e1n los jubilados y pensionados en julio, y public\u00f3 el calendario de pagos correspondiente. C\u00f3mo impacta el aumento y a cu\u00e1nto lleva la m\u00ednima<\/strong><\/em><\/p>\n<p>&nbsp;<\/p>\n<p>&nbsp;<\/p>\n<p>Durante el mes de julio, los titulares de las jubilaciones, pensiones y asignaciones sociales de ANSES cobrar\u00e1n con la nueva f\u00f3rmula de aumentos en julio, basada en el dato de inflaci\u00f3n de mayo 2024, que fue de un 4,2%.<\/p>\n<p>De esta manera, el haber b\u00e1sico que en el mes de junio se ubic\u00f3 en $206.931, subir\u00e1 en julio ajustado por la inflaci\u00f3n del mes de mayo que acaba de publicar el INDEC la semana anterior. Es de destacar que los adultos mayores que perciben los haberes m\u00ednimos tambi\u00e9n cobran el bono de $70 mil como refuerzo y si bien no se defini\u00f3 a\u00fan su pago en el mes 7 del a\u00f1o, es de esperar que se mantenga a fin de que los jubilados no pierdan capacidad adquisitiva frente la inflaci\u00f3n.<\/p>\n<p>&nbsp;<\/p>\n<p><strong>A cu\u00e1nto llegar\u00e1 la jubilaci\u00f3n m\u00ednima en julio de 2024<\/strong><\/p>\n<p>De esta manera, el haber m\u00ednimo pasar\u00e1 de $206.931 a aproximadamente $215.600 ($285.600 con bono) y el m\u00e1ximo subir\u00e1 de $1.392.450 a una cifra cercana a $1.450.900, ambos montos, en bruto.<\/p>\n<p>El incremento tambi\u00e9n abarcar\u00e1 a las prestaciones no contributivas, como la Pensi\u00f3n Universal para el Adulto Mayor (PUAM), que equivale al 80% del haber m\u00ednimo.<\/p>\n<p>Vale recordar que en junio las jubilaciones y pensiones recibieron un incremento de 8,8% en base a la nueva f\u00f3rmula de movilidad que se calcula tomando como referencia el \u00cdndice de Precios al Consumidor (IPC).<\/p>\n","protected":false},"excerpt":{"rendered":"<p>Luego de conocerse la inflaci\u00f3n de mayo, el gobierno confirm\u00f3 cu\u00e1nto cobrar\u00e1n los jubilados y pensionados en julio, y public\u00f3 el calendario de pagos correspondiente. C\u00f3mo impacta el aumento y a cu\u00e1nto lleva la m\u00ednima &nbsp; &nbsp; Durante el mes de julio, los titulares de las jubilaciones, pensiones y asignaciones sociales de ANSES cobrar\u00e1n con la nueva f\u00f3rmula de aumentos en julio, basada en el dato de inflaci\u00f3n de mayo 2024, que fue de un 4,2%. De esta manera, el haber b\u00e1sico que en el mes de junio se ubic\u00f3&#8230;<\/p>\n","protected":false},"author":3,"featured_media":114870,"comment_status":"closed","ping_status":"closed","sticky":false,"template":"","format":"standard","meta":[],"categories":[2],"tags":[],"_links":{"self":[{"href":"https:\/\/www.actualidadadiario.com\/index.php\/wp-json\/wp\/v2\/posts\/116222"}],"collection":[{"href":"https:\/\/www.actualidadadiario.com\/index.php\/wp-json\/wp\/v2\/posts"}],"about":[{"href":"https:\/\/www.actualidadadiario.com\/index.php\/wp-json\/wp\/v2\/types\/post"}],"author":[{"embeddable":true,"href":"https:\/\/www.actualidadadiario.com\/index.php\/wp-json\/wp\/v2\/users\/3"}],"replies":[{"embeddable":true,"href":"https:\/\/www.actualidadadiario.com\/index.php\/wp-json\/wp\/v2\/comments?post=116222"}],"version-history":[{"count":1,"href":"https:\/\/www.actualidadadiario.com\/index.php\/wp-json\/wp\/v2\/posts\/116222\/revisions"}],"predecessor-version":[{"id":116223,"href":"https:\/\/www.actualidadadiario.com\/index.php\/wp-json\/wp\/v2\/posts\/116222\/revisions\/116223"}],"wp:featuredmedia":[{"embeddable":true,"href":"https:\/\/www.actualidadadiario.com\/index.php\/wp-json\/wp\/v2\/media\/114870"}],"wp:attachment":[{"href":"https:\/\/www.actualidadadiario.com\/index.php\/wp-json\/wp\/v2\/media?parent=116222"}],"wp:term":[{"taxonomy":"category","embeddable":true,"href":"https:\/\/www.actualidadadiario.com\/index.php\/wp-json\/wp\/v2\/categories?post=116222"},{"taxonomy":"post_tag","embeddable":true,"href":"https:\/\/www.actualidadadiario.com\/index.php\/wp-json\/wp\/v2\/tags?post=116222"}],"curies":[{"name":"wp","href":"https:\/\/api.w.org\/{rel}","templated":true}]}}