{"id":116205,"date":"2024-06-18T10:39:16","date_gmt":"2024-06-18T13:39:16","guid":{"rendered":"https:\/\/www.actualidadadiario.com\/?p=116205"},"modified":"2024-06-18T10:39:16","modified_gmt":"2024-06-18T13:39:16","slug":"este-fin-de-semana-largo-entre-rios-tuvo-solo-40-de-ocupacion-promedio","status":"publish","type":"post","link":"https:\/\/www.actualidadadiario.com\/index.php\/2024\/06\/18\/este-fin-de-semana-largo-entre-rios-tuvo-solo-40-de-ocupacion-promedio\/","title":{"rendered":"Este fin de semana largo Entre R\u00edos tuvo s\u00f3lo 40% de ocupaci\u00f3n promedio"},"content":{"rendered":"<p style=\"text-align: center;\"><em><strong>La crisis econ\u00f3mica, el festejo del D\u00eda del Padre y los pron\u00f3sticos de lluvia no ayudaron para que m\u00e1s turistas visitaran la provincia este fin de semana largo<\/strong><\/em><\/p>\n<p>&nbsp;<\/p>\n<p>&nbsp;<\/p>\n<p>Pas\u00f3 el primer fin de semana largo de los dos que cuenta este mes y a nivel nacional viajaron alrededor de 802.000 personas. La cantidad fue muy inferior al a\u00f1o pasado: un 64,3% menos.<\/p>\n<p>Sucede que en aquella oportunidad el fin de semana largo tuvo cuatro d\u00edas y no coincid\u00eda con que en dos d\u00edas llegar\u00eda otro feriado largo, como suceder\u00e1 entre el pr\u00f3ximo jueves 20 y el domingo 23, seg\u00fan analiz\u00f3 la Confederaci\u00f3n Argentina de la Mediana Empresa (CAME).<\/p>\n<p>En su informe, el organismo se\u00f1al\u00f3 que hubo mucho turismo de cercan\u00eda en los tres d\u00edas, que incluyen el feriado de ayer, conmemorando el paso a la inmortalidad del General Mart\u00edn Miguel de G\u00fcemes. En este contexto, se gastaron 81.464 millones de pesos en alimentos, bebidas, alojamiento, transporte, recreaci\u00f3n y compras diversas. Con el D\u00eda del Padre como atractivo principal, hubo primordialmente movimiento hacia lugares cercanos y visitas m\u00e1s familiares que vacacionales.<\/p>\n<p>Para el sector tur\u00edstico entrerriano no fue un buen fin de semana. Jug\u00f3 en contra el pron\u00f3stico del tiempo, que anunciaba posibles tormentas. El hospedaje hotelero alcanz\u00f3 al 40%, con los mejores n\u00fameros en Santa Ana (80%), Mar\u00eda Grande (70%), Basabilbaso (70%), Villaguay (50%), y Concepci\u00f3n del Uruguay (50%), traccionado en esta \u00faltima por el TC Pista en el aut\u00f3dromo local. Y en el caso de los complejos termales, que generalmente se mantienen completos en esta temporada, trabajaron con niveles de ocupaci\u00f3n de entre 50% y 60%.<\/p>\n<p>La crisis econ\u00f3mica, el festejo del D\u00eda del Padre y los pron\u00f3sticos de lluvia no ayudaron a la provincia, que de todos modos mantiene buenas expectativas para el pr\u00f3ximo fin de semana extralargo.<\/p>\n","protected":false},"excerpt":{"rendered":"<p>La crisis econ\u00f3mica, el festejo del D\u00eda del Padre y los pron\u00f3sticos de lluvia no ayudaron para que m\u00e1s turistas visitaran la provincia este fin de semana largo &nbsp; &nbsp; Pas\u00f3 el primer fin de semana largo de los dos que cuenta este mes y a nivel nacional viajaron alrededor de 802.000 personas. La cantidad fue muy inferior al a\u00f1o pasado: un 64,3% menos. Sucede que en aquella oportunidad el fin de semana largo tuvo cuatro d\u00edas y no coincid\u00eda con que en dos d\u00edas llegar\u00eda otro feriado largo, como&#8230;<\/p>\n","protected":false},"author":3,"featured_media":46762,"comment_status":"closed","ping_status":"closed","sticky":false,"template":"","format":"standard","meta":[],"categories":[15],"tags":[],"_links":{"self":[{"href":"https:\/\/www.actualidadadiario.com\/index.php\/wp-json\/wp\/v2\/posts\/116205"}],"collection":[{"href":"https:\/\/www.actualidadadiario.com\/index.php\/wp-json\/wp\/v2\/posts"}],"about":[{"href":"https:\/\/www.actualidadadiario.com\/index.php\/wp-json\/wp\/v2\/types\/post"}],"author":[{"embeddable":true,"href":"https:\/\/www.actualidadadiario.com\/index.php\/wp-json\/wp\/v2\/users\/3"}],"replies":[{"embeddable":true,"href":"https:\/\/www.actualidadadiario.com\/index.php\/wp-json\/wp\/v2\/comments?post=116205"}],"version-history":[{"count":1,"href":"https:\/\/www.actualidadadiario.com\/index.php\/wp-json\/wp\/v2\/posts\/116205\/revisions"}],"predecessor-version":[{"id":116206,"href":"https:\/\/www.actualidadadiario.com\/index.php\/wp-json\/wp\/v2\/posts\/116205\/revisions\/116206"}],"wp:featuredmedia":[{"embeddable":true,"href":"https:\/\/www.actualidadadiario.com\/index.php\/wp-json\/wp\/v2\/media\/46762"}],"wp:attachment":[{"href":"https:\/\/www.actualidadadiario.com\/index.php\/wp-json\/wp\/v2\/media?parent=116205"}],"wp:term":[{"taxonomy":"category","embeddable":true,"href":"https:\/\/www.actualidadadiario.com\/index.php\/wp-json\/wp\/v2\/categories?post=116205"},{"taxonomy":"post_tag","embeddable":true,"href":"https:\/\/www.actualidadadiario.com\/index.php\/wp-json\/wp\/v2\/tags?post=116205"}],"curies":[{"name":"wp","href":"https:\/\/api.w.org\/{rel}","templated":true}]}}