{"id":116202,"date":"2024-06-18T10:31:33","date_gmt":"2024-06-18T13:31:33","guid":{"rendered":"https:\/\/www.actualidadadiario.com\/?p=116202"},"modified":"2024-06-18T10:31:33","modified_gmt":"2024-06-18T13:31:33","slug":"docentes-realizan-asambleas-en-las-escuelas-previo-al-congreso-extraordinario-de-este-miercoles","status":"publish","type":"post","link":"https:\/\/www.actualidadadiario.com\/index.php\/2024\/06\/18\/docentes-realizan-asambleas-en-las-escuelas-previo-al-congreso-extraordinario-de-este-miercoles\/","title":{"rendered":"Docentes realizan asambleas en las escuelas, previo al Congreso Extraordinario de este mi\u00e9rcoles"},"content":{"rendered":"<p style=\"text-align: center;\"><em><strong>La Seccional Paran\u00e1 de la Asociaci\u00f3n Gremial del Magisterio de Entre R\u00edos (Agmer) contin\u00faa este martes con las asambleas en las escuelas para debatir la postura que llevar\u00e1 al Congreso Extraordinario que se realizar\u00e1 ma\u00f1ana en Villaguay, donde se definir\u00e1n estrategias para defender al sistema previsional entrerriano<\/strong><\/em><\/p>\n<p>&nbsp;<\/p>\n<p>&nbsp;<\/p>\n<p>&nbsp;<\/p>\n<p>Las asambleas son de dos horas por turno en las escuelas de todos los niveles y modalidades. El viernes pasado se hicieron en los establecimientos nocturnos y este martes se realizan en los diurnos, en los dos turnos: ma\u00f1ana y tarde.<\/p>\n<p>Posteriormente, a las 18, tendr\u00e1 lugar la asamblea resolutiva en la Seccional, donde se definir\u00e1 el mandato que Agmer Paran\u00e1 llevar\u00e1 al Congreso Extraordinario.<\/p>\n<p>El c\u00f3nclave \u2013que se desarrollar\u00e1 en el sal\u00f3n de Seccional Villaguay a partir de las 9\u2013 fue convocado por la comisi\u00f3n directiva central de Agmer para abordar la situaci\u00f3n del sistema previsional entrerriano.<\/p>\n<p>El sindicato docente ya se hab\u00eda declarado en estado de alerta y movilizaci\u00f3n por este tema. \u201cAfirmamos nuestra defensa irrestricta de la Ley 8732 y de nuestra Caja\u201d, remarc\u00f3 semanas atr\u00e1s el Plenario de Secretarios y Secretarias Generales y Comisi\u00f3n Directiva Central.<\/p>\n<p>El temario que difundi\u00f3 el gremio incluye con los siguientes puntos: elecci\u00f3n mesa del Congreso; informe de gesti\u00f3n; an\u00e1lisis de la situaci\u00f3n nacional, provincial y del sistema previsional entrerriano; estrategias a seguir; lectura y aprobaci\u00f3n del acta.<\/p>\n","protected":false},"excerpt":{"rendered":"<p>La Seccional Paran\u00e1 de la Asociaci\u00f3n Gremial del Magisterio de Entre R\u00edos (Agmer) contin\u00faa este martes con las asambleas en las escuelas para debatir la postura que llevar\u00e1 al Congreso Extraordinario que se realizar\u00e1 ma\u00f1ana en Villaguay, donde se definir\u00e1n estrategias para defender al sistema previsional entrerriano &nbsp; &nbsp; &nbsp; Las asambleas son de dos horas por turno en las escuelas de todos los niveles y modalidades. El viernes pasado se hicieron en los establecimientos nocturnos y este martes se realizan en los diurnos, en los dos turnos: ma\u00f1ana y&#8230;<\/p>\n","protected":false},"author":3,"featured_media":116203,"comment_status":"closed","ping_status":"closed","sticky":false,"template":"","format":"standard","meta":[],"categories":[15],"tags":[],"_links":{"self":[{"href":"https:\/\/www.actualidadadiario.com\/index.php\/wp-json\/wp\/v2\/posts\/116202"}],"collection":[{"href":"https:\/\/www.actualidadadiario.com\/index.php\/wp-json\/wp\/v2\/posts"}],"about":[{"href":"https:\/\/www.actualidadadiario.com\/index.php\/wp-json\/wp\/v2\/types\/post"}],"author":[{"embeddable":true,"href":"https:\/\/www.actualidadadiario.com\/index.php\/wp-json\/wp\/v2\/users\/3"}],"replies":[{"embeddable":true,"href":"https:\/\/www.actualidadadiario.com\/index.php\/wp-json\/wp\/v2\/comments?post=116202"}],"version-history":[{"count":1,"href":"https:\/\/www.actualidadadiario.com\/index.php\/wp-json\/wp\/v2\/posts\/116202\/revisions"}],"predecessor-version":[{"id":116204,"href":"https:\/\/www.actualidadadiario.com\/index.php\/wp-json\/wp\/v2\/posts\/116202\/revisions\/116204"}],"wp:featuredmedia":[{"embeddable":true,"href":"https:\/\/www.actualidadadiario.com\/index.php\/wp-json\/wp\/v2\/media\/116203"}],"wp:attachment":[{"href":"https:\/\/www.actualidadadiario.com\/index.php\/wp-json\/wp\/v2\/media?parent=116202"}],"wp:term":[{"taxonomy":"category","embeddable":true,"href":"https:\/\/www.actualidadadiario.com\/index.php\/wp-json\/wp\/v2\/categories?post=116202"},{"taxonomy":"post_tag","embeddable":true,"href":"https:\/\/www.actualidadadiario.com\/index.php\/wp-json\/wp\/v2\/tags?post=116202"}],"curies":[{"name":"wp","href":"https:\/\/api.w.org\/{rel}","templated":true}]}}