{"id":11620,"date":"2017-05-16T10:02:24","date_gmt":"2017-05-16T13:02:24","guid":{"rendered":"http:\/\/actualidadadiario.com\/site\/?p=11620"},"modified":"2017-05-16T10:02:24","modified_gmt":"2017-05-16T13:02:24","slug":"hebe-de-bonafini-tras-su-procesamiento-tengo-la-conciencia-muy-tranquila","status":"publish","type":"post","link":"https:\/\/www.actualidadadiario.com\/index.php\/2017\/05\/16\/hebe-de-bonafini-tras-su-procesamiento-tengo-la-conciencia-muy-tranquila\/","title":{"rendered":"Hebe de Bonafini, tras su procesamiento: &#8220;Tengo la conciencia muy tranquila&#8221;"},"content":{"rendered":"<p><em><strong>La titular de Madres public\u00f3 un video en las redes sociales en el que realiz\u00f3 su descargo por la resoluci\u00f3n de juez De Giorgi en el marco de la causa Sue\u00f1os Compartidos. &#8220;Estoy honrad\u00edsima de ser procesada por este poder y por este Gobierno; gracias Macri por darme este honor\u201d, ironiz\u00f3<\/strong><\/em><\/p>\n<p>&nbsp;<\/p>\n<p>&nbsp;<\/p>\n<p>&nbsp;<\/p>\n<p>&nbsp;<\/p>\n<p>Luego que el juez federal Marcelo Mart\u00ednez De Giorgi decidiera procesar a Hebe de Bonafini por presunto desv\u00edo de fondos del programa Sue\u00f1os Compartidos, la titular de Madres de Plaza de Mayo public\u00f3 un video en las redes sociales en donde realiz\u00f3 su descargo.<\/p>\n<p>&nbsp;<\/p>\n<p>\u201cTengo la conciencia muy tranquila, que revisen lo que quieran\u201d, expres\u00f3 Hebe, quien denunci\u00f3 que se trata de \u201cuna persecuci\u00f3n\u201d contra ella y explic\u00f3: \u201cQue se fijen cu\u00e1nto creci\u00f3 el patrimonio de todos los que estamos en este proceso y que se fijen mi patrimonio, que vivo siempre en la misma casa y no tengo ni bicicleta\u201d.<\/p>\n<p>&nbsp;<\/p>\n<p>Por \u00faltimo, de Bonafini carg\u00f3 contra el Gobierno y la Justicia, y con mucha iron\u00eda, dispar\u00f3: \u201cEstoy honrad\u00edsima de ser procesada por este poder y por este Gobierno; gracias Macri por darme este honor de ser procesada\u201d.<\/p>\n","protected":false},"excerpt":{"rendered":"<p>La titular de Madres public\u00f3 un video en las redes sociales en el que realiz\u00f3 su descargo por la resoluci\u00f3n de juez De Giorgi en el marco de la causa Sue\u00f1os Compartidos. &#8220;Estoy honrad\u00edsima de ser procesada por este poder y por este Gobierno; gracias Macri por darme este honor\u201d, ironiz\u00f3 &nbsp; &nbsp; &nbsp; &nbsp; Luego que el juez federal Marcelo Mart\u00ednez De Giorgi decidiera procesar a Hebe de Bonafini por presunto desv\u00edo de fondos del programa Sue\u00f1os Compartidos, la titular de Madres de Plaza de Mayo public\u00f3 un video&#8230;<\/p>\n","protected":false},"author":3,"featured_media":11621,"comment_status":"closed","ping_status":"closed","sticky":false,"template":"","format":"standard","meta":[],"categories":[18],"tags":[],"_links":{"self":[{"href":"https:\/\/www.actualidadadiario.com\/index.php\/wp-json\/wp\/v2\/posts\/11620"}],"collection":[{"href":"https:\/\/www.actualidadadiario.com\/index.php\/wp-json\/wp\/v2\/posts"}],"about":[{"href":"https:\/\/www.actualidadadiario.com\/index.php\/wp-json\/wp\/v2\/types\/post"}],"author":[{"embeddable":true,"href":"https:\/\/www.actualidadadiario.com\/index.php\/wp-json\/wp\/v2\/users\/3"}],"replies":[{"embeddable":true,"href":"https:\/\/www.actualidadadiario.com\/index.php\/wp-json\/wp\/v2\/comments?post=11620"}],"version-history":[{"count":1,"href":"https:\/\/www.actualidadadiario.com\/index.php\/wp-json\/wp\/v2\/posts\/11620\/revisions"}],"predecessor-version":[{"id":11622,"href":"https:\/\/www.actualidadadiario.com\/index.php\/wp-json\/wp\/v2\/posts\/11620\/revisions\/11622"}],"wp:featuredmedia":[{"embeddable":true,"href":"https:\/\/www.actualidadadiario.com\/index.php\/wp-json\/wp\/v2\/media\/11621"}],"wp:attachment":[{"href":"https:\/\/www.actualidadadiario.com\/index.php\/wp-json\/wp\/v2\/media?parent=11620"}],"wp:term":[{"taxonomy":"category","embeddable":true,"href":"https:\/\/www.actualidadadiario.com\/index.php\/wp-json\/wp\/v2\/categories?post=11620"},{"taxonomy":"post_tag","embeddable":true,"href":"https:\/\/www.actualidadadiario.com\/index.php\/wp-json\/wp\/v2\/tags?post=11620"}],"curies":[{"name":"wp","href":"https:\/\/api.w.org\/{rel}","templated":true}]}}