{"id":116197,"date":"2024-06-18T10:29:05","date_gmt":"2024-06-18T13:29:05","guid":{"rendered":"https:\/\/www.actualidadadiario.com\/?p=116197"},"modified":"2024-06-18T10:29:05","modified_gmt":"2024-06-18T13:29:05","slug":"melania-zorzi-es-la-nueva-presidente-de-la-federacion-del-citrus-de-entre-rios","status":"publish","type":"post","link":"https:\/\/www.actualidadadiario.com\/index.php\/2024\/06\/18\/melania-zorzi-es-la-nueva-presidente-de-la-federacion-del-citrus-de-entre-rios\/","title":{"rendered":"Melania Zorzi es la nueva presidente de la Federaci\u00f3n del Citrus de Entre R\u00edos"},"content":{"rendered":"<p style=\"text-align: center;\"><em><strong>D\u00edas pasados se llev\u00f3 a cabo la Asamblea General Ordinaria de la Federaci\u00f3n del Citrus de Entre R\u00edos (FeCiER), durante la cual qued\u00f3 conformada la nueva comisi\u00f3n directiva de la entidad. En esta oportunidad, la presidencia recay\u00f3 en Melania Zorzi, dirigente de la Asociaci\u00f3n de Citricultores de Concordia<\/strong><\/em><\/p>\n<p>&nbsp;<\/p>\n<p>&nbsp;<\/p>\n<p>Este a\u00f1o la presidencia de la Federaci\u00f3n del Citrus de Entre R\u00edos deb\u00eda ser ocupada por un dirigente de la Asociaci\u00f3n de Citricultores de Concordia y as\u00ed sucedi\u00f3, ya que Melania Zorzi fue electa como nueva titular de la entidad madre del sector citr\u00edcola.<\/p>\n<p>En tanto, el lugar de la vicepresidencia de la instituci\u00f3n -integrada por las Asociaciones de Citricultores de Concordia, Chajar\u00ed, Federaci\u00f3n, Villa del Rosario y Santa Ana- qued\u00f3 para V\u00edctor Pezzelatto, de Federaci\u00f3n. Asimismo, el ahora expresidente de la FeCiER, Pablo Molo, qued\u00f3 como secretario de la comisi\u00f3n directiva.<\/p>\n<p>El presidente de la Asociaci\u00f3n de Citricultores de Villa del Rosario, Marcos Dal Mazo, record\u00f3 que \u00ablos mandatos en la entidad son por un a\u00f1o, aunque en el caso de Pablo Molo la presidencia se extendi\u00f3 a dos a\u00f1os por votaci\u00f3n de la comisi\u00f3n\u00bb. Y agreg\u00f3 que \u00abpor estatuto, este a\u00f1o le correspond\u00eda a la Asociaci\u00f3n de Concordia\u00bb.<\/p>\n<p>\u00abDe parte de nuestra asociaci\u00f3n van a tener todo el apoyo, siempre y cuando los temas a tratar sean convenientes para la producci\u00f3n\u00bb, dijo el joven dirigente local.<\/p>\n<p>Por \u00faltimo, Dal Mazo remarc\u00f3 que \u00abla FeCiER tiene un rol fundamental, porque se toman las decisiones por las cinco asociaciones que la integran, que est\u00e1n unidas y siempre van a luchar por lo mejor para la citricultura\u00bb.<\/p>\n","protected":false},"excerpt":{"rendered":"<p>D\u00edas pasados se llev\u00f3 a cabo la Asamblea General Ordinaria de la Federaci\u00f3n del Citrus de Entre R\u00edos (FeCiER), durante la cual qued\u00f3 conformada la nueva comisi\u00f3n directiva de la entidad. En esta oportunidad, la presidencia recay\u00f3 en Melania Zorzi, dirigente de la Asociaci\u00f3n de Citricultores de Concordia &nbsp; &nbsp; Este a\u00f1o la presidencia de la Federaci\u00f3n del Citrus de Entre R\u00edos deb\u00eda ser ocupada por un dirigente de la Asociaci\u00f3n de Citricultores de Concordia y as\u00ed sucedi\u00f3, ya que Melania Zorzi fue electa como nueva titular de la entidad&#8230;<\/p>\n","protected":false},"author":3,"featured_media":116198,"comment_status":"closed","ping_status":"closed","sticky":false,"template":"","format":"standard","meta":[],"categories":[15],"tags":[],"_links":{"self":[{"href":"https:\/\/www.actualidadadiario.com\/index.php\/wp-json\/wp\/v2\/posts\/116197"}],"collection":[{"href":"https:\/\/www.actualidadadiario.com\/index.php\/wp-json\/wp\/v2\/posts"}],"about":[{"href":"https:\/\/www.actualidadadiario.com\/index.php\/wp-json\/wp\/v2\/types\/post"}],"author":[{"embeddable":true,"href":"https:\/\/www.actualidadadiario.com\/index.php\/wp-json\/wp\/v2\/users\/3"}],"replies":[{"embeddable":true,"href":"https:\/\/www.actualidadadiario.com\/index.php\/wp-json\/wp\/v2\/comments?post=116197"}],"version-history":[{"count":1,"href":"https:\/\/www.actualidadadiario.com\/index.php\/wp-json\/wp\/v2\/posts\/116197\/revisions"}],"predecessor-version":[{"id":116199,"href":"https:\/\/www.actualidadadiario.com\/index.php\/wp-json\/wp\/v2\/posts\/116197\/revisions\/116199"}],"wp:featuredmedia":[{"embeddable":true,"href":"https:\/\/www.actualidadadiario.com\/index.php\/wp-json\/wp\/v2\/media\/116198"}],"wp:attachment":[{"href":"https:\/\/www.actualidadadiario.com\/index.php\/wp-json\/wp\/v2\/media?parent=116197"}],"wp:term":[{"taxonomy":"category","embeddable":true,"href":"https:\/\/www.actualidadadiario.com\/index.php\/wp-json\/wp\/v2\/categories?post=116197"},{"taxonomy":"post_tag","embeddable":true,"href":"https:\/\/www.actualidadadiario.com\/index.php\/wp-json\/wp\/v2\/tags?post=116197"}],"curies":[{"name":"wp","href":"https:\/\/api.w.org\/{rel}","templated":true}]}}