{"id":116181,"date":"2024-06-14T13:21:03","date_gmt":"2024-06-14T16:21:03","guid":{"rendered":"https:\/\/www.actualidadadiario.com\/?p=116181"},"modified":"2024-06-14T13:21:03","modified_gmt":"2024-06-14T16:21:03","slug":"putin-ucrania-debe-retirar-tropas-y-renunciar-a-la-otan","status":"publish","type":"post","link":"https:\/\/www.actualidadadiario.com\/index.php\/2024\/06\/14\/putin-ucrania-debe-retirar-tropas-y-renunciar-a-la-otan\/","title":{"rendered":"Putin: &#8220;Ucrania debe retirar tropas y renunciar a la OTAN&#8221;"},"content":{"rendered":"<p style=\"text-align: center;\"><em><strong>Putin proclam\u00f3 en septiembre de 2022 la anexi\u00f3n ilegal de cuatro regiones del este y del sur de Ucrania, adem\u00e1s de Crimea en 2014<\/strong><\/em><\/p>\n<p>&nbsp;<\/p>\n<p>&nbsp;<\/p>\n<p>El presidente ruso Vladimir Putin dijo este viernes que negociar\u00e1 con Ucrania si esta retira sus tropas de las cuatro regiones que Mosc\u00fa reivindica y si Kiev renuncia a integrar la OTAN, al tiempo que desestim\u00f3 la cumbre de paz organizada en Suiza a la que Rusia no fue invitada.<\/p>\n<p>&#8220;Tan pronto como Kiev (&#8230;) comience la retirada efectiva de las tropas (de las regiones de Donetsk, Lugansk, Jers\u00f3n y Zaporiyia), y tan pronto como notifique que abandona sus planes de ingresar a la OTAN, daremos inmediatamente la orden de alto al fuego e iniciaremos las negociaciones&#8221;, dijo Putin ante funcionarios del Ministerio de Relaciones Exteriores.<\/p>\n<p>Estas reivindicaciones constituyen una solicitud de facto de rendici\u00f3n de Ucrania, cuyo objetivo es mantener su integridad territorial y su soberan\u00eda.<\/p>\n<p>Putin proclam\u00f3 en septiembre de 2022 la anexi\u00f3n ilegal de las cuatro regiones del este y del sur de Ucrania, adem\u00e1s de Crimea en 2014. El presidente ruso insisti\u00f3 en que Ucrania deb\u00eda entregar a Rusia todos estos territorios, aunque Mosc\u00fa solo los ocupa parcialmente.<\/p>\n<p>Igualmente denigr\u00f3 la cumbre de paz, de la que Rusiafue excluida, que se celebra en Suiza el 15 y 16 de junio por iniciativa de Ucrania. Se trata de un &#8220;estratagema para desviar la atenci\u00f3n de todo el mundo&#8221; de los verdaderos responsables del conflicto que son, seg\u00fan \u00e9l, los pa\u00edses occidentales y las autoridades de Kiev.<\/p>\n<p>&#8220;Sin la participaci\u00f3n de Rusia y sin un di\u00e1logo honesto y responsable con nosotros, es imposible lograr una soluci\u00f3n pac\u00edfica en Ucrania y para la seguridad de Europa en general&#8221;, asegur\u00f3 Putin.<\/p>\n","protected":false},"excerpt":{"rendered":"<p>Putin proclam\u00f3 en septiembre de 2022 la anexi\u00f3n ilegal de cuatro regiones del este y del sur de Ucrania, adem\u00e1s de Crimea en 2014 &nbsp; &nbsp; El presidente ruso Vladimir Putin dijo este viernes que negociar\u00e1 con Ucrania si esta retira sus tropas de las cuatro regiones que Mosc\u00fa reivindica y si Kiev renuncia a integrar la OTAN, al tiempo que desestim\u00f3 la cumbre de paz organizada en Suiza a la que Rusia no fue invitada. &#8220;Tan pronto como Kiev (&#8230;) comience la retirada efectiva de las tropas (de las&#8230;<\/p>\n","protected":false},"author":3,"featured_media":88636,"comment_status":"closed","ping_status":"closed","sticky":false,"template":"","format":"standard","meta":[],"categories":[4],"tags":[],"_links":{"self":[{"href":"https:\/\/www.actualidadadiario.com\/index.php\/wp-json\/wp\/v2\/posts\/116181"}],"collection":[{"href":"https:\/\/www.actualidadadiario.com\/index.php\/wp-json\/wp\/v2\/posts"}],"about":[{"href":"https:\/\/www.actualidadadiario.com\/index.php\/wp-json\/wp\/v2\/types\/post"}],"author":[{"embeddable":true,"href":"https:\/\/www.actualidadadiario.com\/index.php\/wp-json\/wp\/v2\/users\/3"}],"replies":[{"embeddable":true,"href":"https:\/\/www.actualidadadiario.com\/index.php\/wp-json\/wp\/v2\/comments?post=116181"}],"version-history":[{"count":1,"href":"https:\/\/www.actualidadadiario.com\/index.php\/wp-json\/wp\/v2\/posts\/116181\/revisions"}],"predecessor-version":[{"id":116182,"href":"https:\/\/www.actualidadadiario.com\/index.php\/wp-json\/wp\/v2\/posts\/116181\/revisions\/116182"}],"wp:featuredmedia":[{"embeddable":true,"href":"https:\/\/www.actualidadadiario.com\/index.php\/wp-json\/wp\/v2\/media\/88636"}],"wp:attachment":[{"href":"https:\/\/www.actualidadadiario.com\/index.php\/wp-json\/wp\/v2\/media?parent=116181"}],"wp:term":[{"taxonomy":"category","embeddable":true,"href":"https:\/\/www.actualidadadiario.com\/index.php\/wp-json\/wp\/v2\/categories?post=116181"},{"taxonomy":"post_tag","embeddable":true,"href":"https:\/\/www.actualidadadiario.com\/index.php\/wp-json\/wp\/v2\/tags?post=116181"}],"curies":[{"name":"wp","href":"https:\/\/api.w.org\/{rel}","templated":true}]}}