{"id":116176,"date":"2024-06-14T13:18:53","date_gmt":"2024-06-14T16:18:53","guid":{"rendered":"https:\/\/www.actualidadadiario.com\/?p=116176"},"modified":"2024-06-14T13:18:53","modified_gmt":"2024-06-14T16:18:53","slug":"la-vacuna-covid-pediatrica-salvo-vidas-la-evidencia-argentina-segun-la-prestigiosa-revista-vaccine","status":"publish","type":"post","link":"https:\/\/www.actualidadadiario.com\/index.php\/2024\/06\/14\/la-vacuna-covid-pediatrica-salvo-vidas-la-evidencia-argentina-segun-la-prestigiosa-revista-vaccine\/","title":{"rendered":"La vacuna Covid pedi\u00e1trica salv\u00f3 vidas: la evidencia argentina, seg\u00fan la prestigiosa revista Vaccine"},"content":{"rendered":"<p style=\"text-align: center;\"><em><strong>Las tasas acumuladas de mortalidad por Covid en 2022 mostraron una reducci\u00f3n de 16-18 veces en la poblaci\u00f3n vacunada con al menos dos dosis en comparaci\u00f3n con la poblaci\u00f3n no vacunada. Especialistas remarcan la necesidad de incluirla en el calendario de vacunaci\u00f3n<\/strong><\/em><\/p>\n<p>&nbsp;<\/p>\n<p>&nbsp;<\/p>\n<p>En tiempos de fake news y discursos antivacunas, los datos se vuelven vitales. La prestigiosa revista internacional Vaccine acaba de publicar un art\u00edculo que muestra el impacto de la vacunaci\u00f3n pedi\u00e1trica contra Covid-19 en la Argentina. El trabajo multidisciplinario, elaborado a partir de datos del Ministerio de Salud, evidencia que las tasas acumuladas de mortalidad por Covid en 2022 mostraron una reducci\u00f3n de 16-18 veces en la poblaci\u00f3n vacunada con al menos dos dosis en comparaci\u00f3n con la poblaci\u00f3n no vacunada.<\/p>\n<p>El art\u00edculo \u201cEl impacto de la vacunaci\u00f3n contra Covid-19 en ni\u00f1os y adolescentes en la mortalidad en Argentina\u201d fue realizado por investigadores de las Universidades Nacionales de C\u00f3rdoba, Rosario, Hurlingham y de la Universidad de San Pablo.<\/p>\n<p>A partir del cotejo de datos de fallecimientos, habilitaci\u00f3n de vacunaci\u00f3n por grupos etarios, dosis y otros factores durante 2020 a 2022 concluyeron que \u201cla mortalidad por Covid-19 disminuy\u00f3 en 2022 en los grupos de edad con mayor cobertura de vacunaci\u00f3n (de 3 a 11 a\u00f1os y de 12 a 17 a\u00f1os). Sin embargo, la mortalidad por Covid-19 no disminuy\u00f3 en 2022 para el grupo de edad de 0-2 a\u00f1os, que ten\u00eda mayor retraso en el acceso a la inmunizaci\u00f3n y la cobertura de vacunaci\u00f3n m\u00e1s baja\u201d.<\/p>\n<p>El resultado del trabajo y su publicaci\u00f3n en una revista emblem\u00e1tica para la vacunolog\u00eda a nivel internacional buscan impactar en la definici\u00f3n de pol\u00edticas p\u00fablicas sobre vacunaci\u00f3n Covid pedi\u00e1trica. En un contexto dif\u00edcil para la salud p\u00fablica y con ajustes que repercuten sobre los derechos de infancias, profesionales de la Sociedad Argentina de Pediatr\u00eda (SAP), la Comisi\u00f3n Nacional de Inmunizaciones (CoNaIn) y de la Sociedad Argentina de Infectolog\u00eda (SADI) \u2013entre otros- destacaron la importancia de contar con evidencia para instar a vacunar.<\/p>\n<p>\u201cSugerimos que las pol\u00edticas p\u00fablicas que no recomiendan la vacunaci\u00f3n universal para poblaciones pedi\u00e1tricas deber\u00edan ser revisadas\u201d, plante\u00f3 Rodrigo Quiroga, investigador del Departamento de Qu\u00edmica Te\u00f3rica y Computacional de la Universidad Nacional de C\u00f3rdoba y co-l\u00edder del estudio.<\/p>\n<p>&nbsp;<\/p>\n<p><strong>El caso argentino<\/strong><\/p>\n<p>Argentina estuvo entre los pa\u00edses pioneros en vacunaci\u00f3n pedi\u00e1trica contra Covid. La aplicaci\u00f3n a adolescentes de 12 a\u00f1os o m\u00e1s comenz\u00f3 en agosto de 2021, y en octubre lleg\u00f3 a ni\u00f1os y ni\u00f1as de tres a\u00f1os o m\u00e1s. Luego, beb\u00e9s de 6 meses a 2 a\u00f1os fueron vacunados con un r\u00e9gimen de dos dosis a partir de julio de 2022.<\/p>\n<p>\u201cArgentina fue de los primeros pa\u00edses en arrancar con la vacuna pedi\u00e1trica, junto con Chile y Cuba. Los resultados muestran que fue una buena decisi\u00f3n, que se salvaron vidas\u201d, resalt\u00f3 Quiroga en la presentaci\u00f3n de la investigaci\u00f3n, realizada v\u00eda Zoom este jueves.<\/p>\n<p>\u201cHasta donde sabemos \u2013remarc\u00f3- nuestra investigaci\u00f3n es la primera en explorar el impacto de la vacunaci\u00f3n en la mortalidad infantil y adolescente a nivel nacional para todo el per\u00edodo 2020-2022, abarcando el periodo previo y posterior a la introducci\u00f3n de la vacuna Covid-19. Ofrece a los investigadores y a los responsables de la toma de decisiones informaci\u00f3n importante sobre el efecto de la vacunaci\u00f3n en la mortalidad de ni\u00f1os y adolescentes\u201d.<\/p>\n<p>\u201cEste estudio avanza en la comprensi\u00f3n de c\u00f3mo la vacunaci\u00f3n contra el Covid-19 protege a ni\u00f1os y adolescentes en Argentina, una naci\u00f3n que se distingue por haber iniciado la vacunaci\u00f3n antes que muchos otros pa\u00edses para estos grupos de edad. Nuestros hallazgos muestran que la inmunizaci\u00f3n contra el SARS-CoV-2 se asoci\u00f3 con una reducci\u00f3n de las muertes por Covid-19 en ni\u00f1os y adolescentes en Argentina\u201d, plante\u00f3 Lorena Barberia, profesora de Ciencias Pol\u00edticas y especialista en evaluaci\u00f3n de pol\u00edticas p\u00fablicas de la Universidad de San Pablo. Alert\u00f3 tambi\u00e9n sobre la dificultad para acceder a datos sobre el tema y la necesidad de contar con m\u00e1s informaci\u00f3n oficial y sistematizada.<\/p>\n<p>\u201cNuestros hallazgos sugieren que deben realizarse mayores esfuerzos para asegurar una cobertura m\u00e1s amplia de la vacuna Covid-19 en ni\u00f1os y adolescentes, especialmente en infantes\u201d, se\u00f1al\u00f3 Sof\u00eda Gastellu, investigadora en Ciencias Sociales y Humanas de la Universidad Nacional de Rosario y coautora del proyecto. \u201cNecesitamos que se hagan m\u00e1s esfuerzo para que la vacuna llegue a esa franja etaria. Estamos pensando hace dos a\u00f1os en conjunto c\u00f3mo pod\u00edamos mostrar estos datos que eran p\u00fablicos pero no hab\u00edan sido publicados. Una de las cuestiones m\u00e1s importantes para nosotros tiene que ver con los derechos. Hay un derecho de la infancia a su salud, a la salud p\u00fablica\u201d, insisti\u00f3 Gastellu.<\/p>\n<p>La investigadora \u2013e impulsora del colectivo Ni\u00f1ez en Riesgo- record\u00f3 que hubo en Argentina 384 muertes pedi\u00e1tricas por Covid en el per\u00edodo analizado (la cifra hasta mayo de este a\u00f1o hab\u00eda ascendido a 409). Durante y despu\u00e9s de la pandemia, casi no se habl\u00f3 de esas muertes de beb\u00e9s, infancias y adolescencias.<\/p>\n<p>&nbsp;<\/p>\n<p><strong>M\u00e1s vacunas, menos mortalidad<\/strong><\/p>\n<p>El estudio se basa en datos oficiales de la cartera sanitaria nacional, pero que no estaban publicados sino que se obtuvieron a partir de pedidos de acceso a la informaci\u00f3n p\u00fablica. El cotejo mostr\u00f3 que en 2021 hubo 51 muertes de beb\u00e9s de 0-2 a\u00f1os no vacunados, y 47 en 2022. En las otras franjas etarias, con mayor cobertura de vacunaci\u00f3n, los casos fatales sin vacunaci\u00f3n mostraron una fuerte ca\u00edda de un a\u00f1o a otro. Fallecieron 46 chicos y chicas de 3-11 a\u00f1os en 2021 y 25 en 2022. Y murieron 69 adolescentes de 12 a 17 a\u00f1os en 2021, y 27 en 2022.<\/p>\n<p>\u201cEncontramos que en los grupos etarios altamente vacunados (3-11 y 12-17), las muertes durante 2022 disminuyeron respecto a 2021. Mientras tanto, en el grupo etario escasamente vacunado (0-2 a\u00f1os), las muertes se mantuvieron en cifras similares\u201d, apunt\u00f3 Quiroga.<\/p>\n<p>\u201cOtra manera de verlo es que durante 2022 fallecieron de COVID-19 aproximadamente 1 de cada 30 mil ni\u00f1os no vacunados, 1 de cada 200 mil que hab\u00edan recibido 1 o m\u00e1s dosis, y 1 de cada 400 mil que hab\u00edan recibido 2 o m\u00e1s dosis\u201d, contrast\u00f3 para mostrar el impacto de la vacunaci\u00f3n.<\/p>\n<p>\u00abAdicionalmente, analizamos la mortalidad por otras enfermedades con inmunizaci\u00f3n que hoy est\u00e1n incorporadas al calendario, en el per\u00edodo previo y posterior a la implementaci\u00f3n de las vacunas. COVID-19 caus\u00f3 una mortalidad bastante mayor que esas enfermedades\u00bb, dijo Quiroga. \u00abAl comparar la mortalidad de COVID-19 con otras causas de muerte para la poblaci\u00f3n de 0 a 14 a\u00f1os, entre las enfermedades infecciosas COVID-19 fue la primera causa de muerte en 2021, y la tercer causa de muerte en 2020 y 2022\u00ab, agreg\u00f3.<\/p>\n<p>&nbsp;<\/p>\n<p><strong>Hacia la inclusi\u00f3n en calendario<\/strong><\/p>\n<p>El acto virtual de presentaci\u00f3n del art\u00edculo publicado en Vaccine ante la prensa y ante especialistas cont\u00f3 con la presencia de expertos y expertas de distintas latitudes. Incluso, una eminencia de la vacunolog\u00eda: el neoyorquino Stanley Plotkin \u2013de 92 a\u00f1os-, creador de la vacuna contra la rub\u00e9ola.<\/p>\n<p>La m\u00e9dica infect\u00f3loga y epidemi\u00f3loga \u00c1ngela Gentile, presidenta de la CoNaIn, destac\u00f3 el rol de Plotkin para quienes trabajan en vacunas y pidi\u00f3 \u201cponer a la pediatr\u00eda en agenda. Los chicos no estuvieron en agenda en la pandemia\u201d.<\/p>\n<p>\u201cEste art\u00edculo va a ayudar mucho \u2013celebr\u00f3- Hay que entender que Covid es una enfermedad inmuno prevenible. Tenemos disponibilidad de vacunas en este momento. Pero cuesta mucho instalar la vacunaci\u00f3n en pediatr\u00eda. Tenemos que trabajar para instalarla. No es solo tener vacunas, hace falta comunicaci\u00f3n, hay muchos factores clave\u201d, dijo. Y record\u00f3 que en la \u00faltima acta de CoNaIn \u2013de abril de 2024- se recomienda la incorporaci\u00f3n a calendario de la vacuna Covid pedi\u00e1trica.<\/p>\n<p>Carlota Russ, infect\u00f3loga y miembro de la Sociedad Argentina de Pediatr\u00eda, coincidi\u00f3 en esa necesidad y plante\u00f3 que \u201cla SAP est\u00e1 bastante preocupada por la poca vacunaci\u00f3n que hay. No encontramos una explicaci\u00f3n muy l\u00f3gica, s\u00f3lo el temor de muchos pediatras y muchas cosas que circularon en alg\u00fan momento de que los ni\u00f1os no ten\u00edan tanto riesgo. Estos trabajos ponen en evidencia que eso no es cierto. Todo lo que nos aporte de argumento para demostrar que s\u00ed hace falta vacunar nos hace bien\u201d.<\/p>\n","protected":false},"excerpt":{"rendered":"<p>Las tasas acumuladas de mortalidad por Covid en 2022 mostraron una reducci\u00f3n de 16-18 veces en la poblaci\u00f3n vacunada con al menos dos dosis en comparaci\u00f3n con la poblaci\u00f3n no vacunada. Especialistas remarcan la necesidad de incluirla en el calendario de vacunaci\u00f3n &nbsp; &nbsp; En tiempos de fake news y discursos antivacunas, los datos se vuelven vitales. La prestigiosa revista internacional Vaccine acaba de publicar un art\u00edculo que muestra el impacto de la vacunaci\u00f3n pedi\u00e1trica contra Covid-19 en la Argentina. El trabajo multidisciplinario, elaborado a partir de datos del Ministerio&#8230;<\/p>\n","protected":false},"author":3,"featured_media":82242,"comment_status":"closed","ping_status":"closed","sticky":false,"template":"","format":"standard","meta":[],"categories":[4],"tags":[],"_links":{"self":[{"href":"https:\/\/www.actualidadadiario.com\/index.php\/wp-json\/wp\/v2\/posts\/116176"}],"collection":[{"href":"https:\/\/www.actualidadadiario.com\/index.php\/wp-json\/wp\/v2\/posts"}],"about":[{"href":"https:\/\/www.actualidadadiario.com\/index.php\/wp-json\/wp\/v2\/types\/post"}],"author":[{"embeddable":true,"href":"https:\/\/www.actualidadadiario.com\/index.php\/wp-json\/wp\/v2\/users\/3"}],"replies":[{"embeddable":true,"href":"https:\/\/www.actualidadadiario.com\/index.php\/wp-json\/wp\/v2\/comments?post=116176"}],"version-history":[{"count":1,"href":"https:\/\/www.actualidadadiario.com\/index.php\/wp-json\/wp\/v2\/posts\/116176\/revisions"}],"predecessor-version":[{"id":116177,"href":"https:\/\/www.actualidadadiario.com\/index.php\/wp-json\/wp\/v2\/posts\/116176\/revisions\/116177"}],"wp:featuredmedia":[{"embeddable":true,"href":"https:\/\/www.actualidadadiario.com\/index.php\/wp-json\/wp\/v2\/media\/82242"}],"wp:attachment":[{"href":"https:\/\/www.actualidadadiario.com\/index.php\/wp-json\/wp\/v2\/media?parent=116176"}],"wp:term":[{"taxonomy":"category","embeddable":true,"href":"https:\/\/www.actualidadadiario.com\/index.php\/wp-json\/wp\/v2\/categories?post=116176"},{"taxonomy":"post_tag","embeddable":true,"href":"https:\/\/www.actualidadadiario.com\/index.php\/wp-json\/wp\/v2\/tags?post=116176"}],"curies":[{"name":"wp","href":"https:\/\/api.w.org\/{rel}","templated":true}]}}