{"id":116170,"date":"2024-06-14T13:16:46","date_gmt":"2024-06-14T16:16:46","guid":{"rendered":"https:\/\/www.actualidadadiario.com\/?p=116170"},"modified":"2024-06-14T13:16:46","modified_gmt":"2024-06-14T16:16:46","slug":"milei-en-el-g7-distendido-recibimiento-de-georgia-meloni-y-saludo-con-joe-biden","status":"publish","type":"post","link":"https:\/\/www.actualidadadiario.com\/index.php\/2024\/06\/14\/milei-en-el-g7-distendido-recibimiento-de-georgia-meloni-y-saludo-con-joe-biden\/","title":{"rendered":"Milei en el G7: distendido recibimiento de Georgia Meloni y saludo con Joe Biden"},"content":{"rendered":"<p style=\"text-align: center;\"><em><strong>El mandatario mantiene una nutrida agenda en la cumbre de l\u00edderes que se desarrolla en Italia. Javier Milei se reunir\u00e1 con la titular del Fondo luego de la aprobaci\u00f3n de la octava revisi\u00f3n y el inicio de discusiones sobre un nuevo acuerdo<\/strong><\/em><\/p>\n<p>&nbsp;<\/p>\n<p>&nbsp;<\/p>\n<p>El presidente Javier Milei arranc\u00f3 formalmente su agenda en el G7 que se desarrolla en Bari, Italia. El jefe de Estado fue recibido por la primer ministra Georgia Meloni que es la anfitriona del evento. Luego mantendr\u00e1 contactos con otros jefes de Estado pero la cumbre m\u00e1s esperada es la que mantendr\u00e1 con la titular del FMI Kristalina Georgieva.<\/p>\n<p>La reuni\u00f3n con la titular del Fondo Monetario Internacional (FMI) sucede tras la aprobaci\u00f3n de la octava revisi\u00f3n de la Argentina que prev\u00e9 un desembolso por u$s800 millones y el anuncio del ministro de Econom\u00eda Luis Caputo del inicio de negociaciones para un nuevo programa.<\/p>\n<p>El presidente Javier Milei arrib\u00f3 anoche a la ciudad italiana de Bari en el marco de su visita a la cumbre de l\u00edderes del G7, que se realiza en un exclusivo Borgo Egnazia, en las afueras de la provincia de Brindisi y mantiene este viernes una intensa agenda de actividades que incluir\u00e1 reuniones bilaterales con jefes de Estado y de Gobierno, encuentros informales y actos protocolares.<\/p>\n<p>La agenda de Milei comenz\u00f3 a las 13:00 al ser recibido en Borgo Egnazia por la primera ministra de Italia, Georgia Meloni, quien se reuni\u00f3 con el resto de los representantes de organizaciones y pa\u00edses que no integran el G7, excepto el papa Francisco, que tendr\u00e1 una ceremonia de recepci\u00f3n propia.<\/p>\n<p>&nbsp;<\/p>\n<p><strong>El saludo de Milei y Joe Biden<\/strong><\/p>\n<p>El libertario protagoniz\u00f3 otro cruce con el presidente de Estados Unidos, Joe Biden. Las c\u00e1maras oficiales de la cumbre de l\u00edderes internacionales captaron el momento en el que el argentino saluda afectuosamente a su par estadounidense.<\/p>\n<p>Milei, adem\u00e1s, se ubic\u00f3 al lado del presidente norteamericano para escuchar el discurso del papa Francisco, quien alert\u00f3 sobre el uso de la inteligencia artificial y critic\u00f3 pr\u00e1cticas de la iglesia como los sermones.<\/p>\n<p>La foto, la primera entre ambos mandatarios, fue celebrada por el embajador estadounidense en Argentina, Marc Stanley: &#8220;\u00a1Estoy muy contento de que nuestros presidentes hayan tenido la oportunidad de encontrarse hoy en la reuni\u00f3n del G7 en Italia!&#8221;.<\/p>\n<p>&nbsp;<\/p>\n<p><strong>Las reuniones bilaterales de Javier Milei en el G7<\/strong><\/p>\n<p>El Presidente tendr\u00e1, adem\u00e1s, un breve contacto con su par de Brasil, Lula da Silva, con quien mantiene una relaci\u00f3n distante, y con el papa Francisco, quien fue invitado al igual que Milei por la anfitriona Meloni, y que viene de mantener un encuentro con el gobernador de la provincia de Buenos Aires, Axel Kicillof.<\/p>\n<p>De acuerdo con lo que precisaron fuentes oficiales, el argentino protagonizar\u00e1 otros encuentros bilaterales con su par de Francia, Emmanuel Macron; con la directora del Fondo Monetario Internacional, Kristalina Georgieva, y con Ajay Banga, que est\u00e1 al frente del Banco Mundial.<\/p>\n<p>Asimismo, se prev\u00e9 que durante el receso entre las diferentes sesiones de trabajo, Milei tenga charlas informales con el presidente de los Estados Unidos, Joe Biden, y con el canciller federal de Alemania, Olaf Scholz.<\/p>\n<p>Todo esto suceder\u00e1 entre las 14:00 (hora local, las 9:00 de Buenos Aires), cuando iniciar\u00e1 el panel de debate sobre inteligencia artificial, en el que expondr\u00e1 el libertario, y a las 18:45, justo antes de la mesa final de discusi\u00f3n y de la elaboraci\u00f3n de las conclusiones por arte del G7.<\/p>\n<p>Luego, el jefe de Estado ser\u00e1 trasladado junto al resto de los invitados a la plaza central de Borgo Egnazia, donde ser\u00e1n agasajados con un espect\u00e1culo musical a cargo del reconocido cantante italiano Andrea Bocelli y un show de danza.<\/p>\n<p>El mandatario lleg\u00f3 en la noche del jueves al Aeropuerto de Bari acompa\u00f1ado por la secretaria general de la Presidencia, Karina Milei; el jefe del Consejo de Asesores Econ\u00f3micos, Demian Reidel; el embajador argentino en los Estados Unidos, Gerardo Werthein; el diputado Fernando Iglesias y funcionarios de seguridad, de protocolar y de audiovisuales, que en este \u00faltimo caso est\u00e1 encabezado por Santiago Or\u00eda. La ausencia de la canciller Diana Mondino es una de las grandes sorpresas de esta gira.<\/p>\n<p>&nbsp;<\/p>\n<p><strong>C\u00f3mo continuar\u00e1 la gira de Javier Milei por Europa<\/strong><\/p>\n<p>Una vez que concluya su paso por Italia, Milei continuar\u00e1 su gira por Europa en Suiza, donde participar\u00e1 de la Cumbre por la Paz en Ucrania. All\u00ed tendr\u00e1 un nuevo encuentro bilateral con el presidente de este pa\u00eds, Volodinir Zelenski.<\/p>\n<p>Luego de un breve pase por el pa\u00eds, entre el 17 y el 20 de junio, Milei regresar\u00e1 a Europa el 21 con agenda privada. Viajar\u00e1 a Espa\u00f1a para recibir el premio del Instituto Juan de Mariana. La ceremonia se dar\u00e1 en el marco de la Cena de la Libertad que tendr\u00e1 lugar en el Casino de Madrid, durante la Semana de la Libertad.<\/p>\n<p>Posteriormente, la comitiva desembarcar\u00e1 el 22 de junio en Hamburgo, Alemania. All\u00ed Milei ser\u00e1 galardonado con la medalla Hayek, que se otorga en referencia al Nobel de econom\u00eda Frederic von Hayek, y no descartan la chance de concretar una reuni\u00f3n con el canciller alem\u00e1n, Olaff Scholz.<\/p>\n<p>&nbsp;<\/p>\n<p><strong>El FMI considera que \u201cel programa sigue firmemente encaminado&#8221;<\/strong><\/p>\n<p>En la previa de la reuni\u00f3n entre Georgieva y Milei, el organismo afirm\u00f3 que \u201cel programa sigue firmemente encaminado, habi\u00e9ndose cumplido con margen todos los criterios cuantitativos de rendimiento para finales de marzo de 2024\u201d.<\/p>\n<p>Sin embargo, tambi\u00e9n enfatiz\u00f3 que \u201cpara mantener el progreso es necesario mejorar la calidad del ajuste fiscal, dar los primeros pasos hacia un marco mejorado de pol\u00edtica monetaria y cambiaria, y aplicar reformas para desbloquear el crecimiento, el empleo formal y la inversi\u00f3n\u201d.<\/p>\n<p>El Directorio asimismo, considera que \u201cser\u00e1 necesario proseguir los esfuerzos para apoyar a los m\u00e1s vulnerables, ampliar el apoyo pol\u00edtico y garantizar la agilidad en la formulaci\u00f3n de las pol\u00edticas.\u201d<\/p>\n<p>El Board tambi\u00e9n aprob\u00f3 exenciones de incumplimiento para una nueva restricci\u00f3n cambiaria y m\u00faltiples pr\u00e1cticas cambiarias en el contexto de cierta flexibilizaci\u00f3n de las restricciones al pago de dividendos.<\/p>\n","protected":false},"excerpt":{"rendered":"<p>El mandatario mantiene una nutrida agenda en la cumbre de l\u00edderes que se desarrolla en Italia. Javier Milei se reunir\u00e1 con la titular del Fondo luego de la aprobaci\u00f3n de la octava revisi\u00f3n y el inicio de discusiones sobre un nuevo acuerdo &nbsp; &nbsp; El presidente Javier Milei arranc\u00f3 formalmente su agenda en el G7 que se desarrolla en Bari, Italia. El jefe de Estado fue recibido por la primer ministra Georgia Meloni que es la anfitriona del evento. Luego mantendr\u00e1 contactos con otros jefes de Estado pero la cumbre&#8230;<\/p>\n","protected":false},"author":3,"featured_media":116171,"comment_status":"closed","ping_status":"closed","sticky":false,"template":"","format":"standard","meta":[],"categories":[18],"tags":[],"_links":{"self":[{"href":"https:\/\/www.actualidadadiario.com\/index.php\/wp-json\/wp\/v2\/posts\/116170"}],"collection":[{"href":"https:\/\/www.actualidadadiario.com\/index.php\/wp-json\/wp\/v2\/posts"}],"about":[{"href":"https:\/\/www.actualidadadiario.com\/index.php\/wp-json\/wp\/v2\/types\/post"}],"author":[{"embeddable":true,"href":"https:\/\/www.actualidadadiario.com\/index.php\/wp-json\/wp\/v2\/users\/3"}],"replies":[{"embeddable":true,"href":"https:\/\/www.actualidadadiario.com\/index.php\/wp-json\/wp\/v2\/comments?post=116170"}],"version-history":[{"count":1,"href":"https:\/\/www.actualidadadiario.com\/index.php\/wp-json\/wp\/v2\/posts\/116170\/revisions"}],"predecessor-version":[{"id":116172,"href":"https:\/\/www.actualidadadiario.com\/index.php\/wp-json\/wp\/v2\/posts\/116170\/revisions\/116172"}],"wp:featuredmedia":[{"embeddable":true,"href":"https:\/\/www.actualidadadiario.com\/index.php\/wp-json\/wp\/v2\/media\/116171"}],"wp:attachment":[{"href":"https:\/\/www.actualidadadiario.com\/index.php\/wp-json\/wp\/v2\/media?parent=116170"}],"wp:term":[{"taxonomy":"category","embeddable":true,"href":"https:\/\/www.actualidadadiario.com\/index.php\/wp-json\/wp\/v2\/categories?post=116170"},{"taxonomy":"post_tag","embeddable":true,"href":"https:\/\/www.actualidadadiario.com\/index.php\/wp-json\/wp\/v2\/tags?post=116170"}],"curies":[{"name":"wp","href":"https:\/\/api.w.org\/{rel}","templated":true}]}}