{"id":116168,"date":"2024-06-14T13:15:44","date_gmt":"2024-06-14T16:15:44","guid":{"rendered":"https:\/\/www.actualidadadiario.com\/?p=116168"},"modified":"2024-06-14T13:15:44","modified_gmt":"2024-06-14T16:15:44","slug":"pettovello-rompio-el-silencio-y-desmintio-rumores-de-renuncia-a-mi-amigo-solo-no-lo-voy-a-dejar","status":"publish","type":"post","link":"https:\/\/www.actualidadadiario.com\/index.php\/2024\/06\/14\/pettovello-rompio-el-silencio-y-desmintio-rumores-de-renuncia-a-mi-amigo-solo-no-lo-voy-a-dejar\/","title":{"rendered":"Pettovello rompi\u00f3 el silencio y desminti\u00f3 rumores de renuncia: &#8220;A mi amigo solo no lo voy a dejar&#8221;"},"content":{"rendered":"<p style=\"text-align: center;\"><em><strong>La ministra de Capital Humano se comunic\u00f3 con libertarios que convocaron una concentraci\u00f3n en su apoyo tras la pol\u00e9mica por la entrega de alimentos. &#8220;Si ser una in\u00fatil es no saber gestionar ni robar, soy una in\u00fatil&#8221;, sentenci\u00f3<\/strong><\/em><\/p>\n<p>&nbsp;<\/p>\n<p>&nbsp;<\/p>\n<p>La ministra de Capital Humano, Sandra Pettovello, habl\u00f3 tras la pol\u00e9mica abierta por la distribuci\u00f3n de los alimentos almacenados en galpones, y desminti\u00f3 rumores de renuncia. \u201cA mi amigo solo no lo voy a dejar\u201d, plante\u00f3 respecto a su v\u00ednculo con el presidente Javier Milei.<\/p>\n<p>La funcionaria rompi\u00f3 el silencio en el marco de una concentraci\u00f3n en respaldo a su gesti\u00f3n convocada por el youtuber Mat\u00edas Herrero (en X, Herrero Liberal), y que tuvo lugar el pasado jueves en el Obelisco.<\/p>\n<p>A trav\u00e9s de una videollamada, Pettovello plante\u00f3: \u201cEl problema es que estamos tocando los negociones y no se la bancan\u201d.<\/p>\n<p>&#8220;Van a ensuciarme, a decir que hago mal mi trabajo, a decir que soy una in\u00fatil. La verdad es que si ser una in\u00fatil es no saber gestionar, no saber robar, soy una in\u00fatil\u201d, sum\u00f3 adem\u00e1s.<\/p>\n<p>En la misma l\u00ednea, continu\u00f3: \u201cHagan lo que me hagan estoy adentro y no voy a parar\u201d. Ante cada palabra de la ministra, los asistentes enviaban mensajes de apoyo y la aplaud\u00eda.<\/p>\n<p>\u201cPienso que si bajo los brazos, todo lo que hice hasta ahora no va a valer la pena. Me sirve el apoyo, es muy dif\u00edcil seguir adelante\u201d, agradeci\u00f3 respecto a la concentraci\u00f3n, y sum\u00f3: \u201cNo voy a dejar porque vine ac\u00e1 para bancar a mi amigo y a mi amigo solo no lo voy a dejar\u201d.<\/p>\n<p>Asimismo, la \u201cmejor ministra de la historia\u201d, como la referencia el mandatario, prometi\u00f3: \u201cA la Argentina la salvamos entre todos y sacando la mugre, y la voy a seguir sacando\u201d.<\/p>\n<p>En otro pasaje de la llamada, Pettovello revel\u00f3 que maneja su cuenta de Instagram y que responde personalmente los mensajes para mantener el contacto \u201ccon la gente de verdad\u201d. \u201cSi necesitan algo, una mano, cualquiera de las cosas es bienvenida. Voy a estar para ustedes\u201d, sugiri\u00f3.<\/p>\n<p>Por \u00faltimo, cont\u00f3 que a veces se inmiscuye en ministerios ajenos y apunt\u00f3 todos los ca\u00f1ones contra los empresarios, los pol\u00edticos y el periodismo. \u201cTrato hacer todo lo que puedo, a veces hasta me meto en ministerios ajenos, pero la mafia es peor de lo que pensaba\u201d, afirm\u00f3.<\/p>\n<p>\u201cEst\u00e1 la mafia de los pol\u00edticos corruptos, los empresarios prebendar\u00edos a los que no les quiero pagar, la casta period\u00edstica que es de la peor cala\u00f1a, son los que me pegan d\u00eda y noche, todos los d\u00edas, por radio y televisi\u00f3n diciendo mentiras absolutas\u201d, concluy\u00f3.<\/p>\n<p>Desde hace semanas, la ministra est\u00e1 en el ojo de la pol\u00e9mica a ra\u00edz de las irregularidades en las contrataciones que se registraron en su cartera y por el almacenamiento de las cinco toneladas de alimentos, algunos pr\u00f3ximos a vencer.<\/p>\n","protected":false},"excerpt":{"rendered":"<p>La ministra de Capital Humano se comunic\u00f3 con libertarios que convocaron una concentraci\u00f3n en su apoyo tras la pol\u00e9mica por la entrega de alimentos. &#8220;Si ser una in\u00fatil es no saber gestionar ni robar, soy una in\u00fatil&#8221;, sentenci\u00f3 &nbsp; &nbsp; La ministra de Capital Humano, Sandra Pettovello, habl\u00f3 tras la pol\u00e9mica abierta por la distribuci\u00f3n de los alimentos almacenados en galpones, y desminti\u00f3 rumores de renuncia. \u201cA mi amigo solo no lo voy a dejar\u201d, plante\u00f3 respecto a su v\u00ednculo con el presidente Javier Milei. La funcionaria rompi\u00f3 el silencio&#8230;<\/p>\n","protected":false},"author":3,"featured_media":115722,"comment_status":"closed","ping_status":"closed","sticky":false,"template":"","format":"standard","meta":[],"categories":[18],"tags":[],"_links":{"self":[{"href":"https:\/\/www.actualidadadiario.com\/index.php\/wp-json\/wp\/v2\/posts\/116168"}],"collection":[{"href":"https:\/\/www.actualidadadiario.com\/index.php\/wp-json\/wp\/v2\/posts"}],"about":[{"href":"https:\/\/www.actualidadadiario.com\/index.php\/wp-json\/wp\/v2\/types\/post"}],"author":[{"embeddable":true,"href":"https:\/\/www.actualidadadiario.com\/index.php\/wp-json\/wp\/v2\/users\/3"}],"replies":[{"embeddable":true,"href":"https:\/\/www.actualidadadiario.com\/index.php\/wp-json\/wp\/v2\/comments?post=116168"}],"version-history":[{"count":1,"href":"https:\/\/www.actualidadadiario.com\/index.php\/wp-json\/wp\/v2\/posts\/116168\/revisions"}],"predecessor-version":[{"id":116169,"href":"https:\/\/www.actualidadadiario.com\/index.php\/wp-json\/wp\/v2\/posts\/116168\/revisions\/116169"}],"wp:featuredmedia":[{"embeddable":true,"href":"https:\/\/www.actualidadadiario.com\/index.php\/wp-json\/wp\/v2\/media\/115722"}],"wp:attachment":[{"href":"https:\/\/www.actualidadadiario.com\/index.php\/wp-json\/wp\/v2\/media?parent=116168"}],"wp:term":[{"taxonomy":"category","embeddable":true,"href":"https:\/\/www.actualidadadiario.com\/index.php\/wp-json\/wp\/v2\/categories?post=116168"},{"taxonomy":"post_tag","embeddable":true,"href":"https:\/\/www.actualidadadiario.com\/index.php\/wp-json\/wp\/v2\/tags?post=116168"}],"curies":[{"name":"wp","href":"https:\/\/api.w.org\/{rel}","templated":true}]}}